{"id":4230,"date":"2019-09-24T07:25:09","date_gmt":"2019-09-24T12:25:09","guid":{"rendered":"http:\/\/www.zonaroja.com.mx\/?p=4230"},"modified":"2019-09-24T07:25:11","modified_gmt":"2019-09-24T12:25:11","slug":"elementos-de-la-policia-estatal-atropellan-a-un-discapacitado-y-pierde-la-vida","status":"publish","type":"post","link":"https:\/\/zonaroja.com.mx\/?p=4230","title":{"rendered":"Elementos de la Polic\u00eda Estatal atropellan a un discapacitado y pierde la vida"},"content":{"rendered":"\n<p>Redacci\u00f3n\/Zona\nRoja.<\/p>\n\n\n\n<p>Fotos:\nCortes\u00eda<\/p>\n\n\n\n<p>Oaxaca de\nJu\u00e1rez, Oax., 24 de septiembre de 2019.- Dos elementos de la Polic\u00eda Estatal\nprotagonizaron un accidente vehicular con una unidad de motor del servicio\nparticular, lo que dej\u00f3 como saldo una persona con discapacidad fallecida, presuntamente\narrollada por los uniformados.<\/p>\n\n\n\n<p>El percance ocurri\u00f3 alrededor de las 22:00 horas en la carretera federal 190 Oaxaca-M\u00e9xico, tramo a Etla, en jurisdicci\u00f3n de la localidad de San Sebasti\u00e1n.<\/p>\n\n\n\n<figure class=\"wp-block-image\"><img decoding=\"async\" width=\"1024\" height=\"471\" src=\"http:\/\/www.zonaroja.com.mx\/wp-content\/uploads\/2019\/09\/ef45ec90-2100-4117-b640-08fb87f5e403-1024x471.jpg\" alt=\"\" class=\"wp-image-4232\" srcset=\"https:\/\/zonaroja.com.mx\/wp-content\/uploads\/2019\/09\/ef45ec90-2100-4117-b640-08fb87f5e403-1024x471.jpg 1024w, https:\/\/zonaroja.com.mx\/wp-content\/uploads\/2019\/09\/ef45ec90-2100-4117-b640-08fb87f5e403-300x138.jpg 300w, https:\/\/zonaroja.com.mx\/wp-content\/uploads\/2019\/09\/ef45ec90-2100-4117-b640-08fb87f5e403-768x353.jpg 768w, https:\/\/zonaroja.com.mx\/wp-content\/uploads\/2019\/09\/ef45ec90-2100-4117-b640-08fb87f5e403-1170x538.jpg 1170w, https:\/\/zonaroja.com.mx\/wp-content\/uploads\/2019\/09\/ef45ec90-2100-4117-b640-08fb87f5e403-585x269.jpg 585w, https:\/\/zonaroja.com.mx\/wp-content\/uploads\/2019\/09\/ef45ec90-2100-4117-b640-08fb87f5e403.jpg 1280w\" sizes=\"(max-width: 1024px) 100vw, 1024px\" \/><\/figure>\n\n\n\n<p>Una persona\noriginaria de Poblado Morelos, identificada como Noel Hern\u00e1ndez Molina, quien\nno contaba con una pierna, cruzaba la cinta asf\u00e1ltica cuando fue atropellado.<\/p>\n\n\n\n<p>La\nmotopatrulla fue identificada con el n\u00famero econ\u00f3mico 119 y placas de\ncirculaci\u00f3n HHM 1V de Oaxaca y en ella viajaban Guillermo Alfredo M\u00e9ndez Aquino\ny Edilberto Teodoro Cort\u00e9s Velasco, quienes resultaron lesionados y se dirig\u00edan\na la capital.<\/p>\n\n\n\n<p>Peritos y el\nMinisterio P\u00fablico de la Fiscal\u00eda General del Estado de Oaxaca iniciaron las\nindagatorias con el prop\u00f3sito de deslindar responsabilidades acerca del\nhomicidio culposo.<\/p>\n","protected":false},"excerpt":{"rendered":"<p>Redacci\u00f3n\/Zona Roja. Fotos: Cortes\u00eda Oaxaca de Ju\u00e1rez, Oax., 24 de septiembre de 2019.- Dos elementos&hellip;<\/p>\n","protected":false},"author":2,"featured_media":4231,"comment_status":"closed","ping_status":"open","sticky":false,"template":"","format":"standard","meta":{"_lmt_disableupdate":"","_lmt_disable":"","_jetpack_memberships_contains_paid_content":false,"footnotes":""},"categories":[109,51],"tags":[54],"class_list":["post-4230","post","type-post","status-publish","format-standard","has-post-thumbnail","hentry","category-minuto-a-minuto","category-zona-roja","tag-policia-estatal"],"jetpack_featured_media_url":"https:\/\/zonaroja.com.mx\/wp-content\/uploads\/2019\/09\/40a07ec7-81d6-49f2-9763-71ab243f2111.jpg","jetpack_sharing_enabled":true,"_links":{"self":[{"href":"https:\/\/zonaroja.com.mx\/index.php?rest_route=\/wp\/v2\/posts\/4230","targetHints":{"allow":["GET"]}}],"collection":[{"href":"https:\/\/zonaroja.com.mx\/index.php?rest_route=\/wp\/v2\/posts"}],"about":[{"href":"https:\/\/zonaroja.com.mx\/index.php?rest_route=\/wp\/v2\/types\/post"}],"author":[{"embeddable":true,"href":"https:\/\/zonaroja.com.mx\/index.php?rest_route=\/wp\/v2\/users\/2"}],"replies":[{"embeddable":true,"href":"https:\/\/zonaroja.com.mx\/index.php?rest_route=%2Fwp%2Fv2%2Fcomments&post=4230"}],"version-history":[{"count":1,"href":"https:\/\/zonaroja.com.mx\/index.php?rest_route=\/wp\/v2\/posts\/4230\/revisions"}],"predecessor-version":[{"id":4233,"href":"https:\/\/zonaroja.com.mx\/index.php?rest_route=\/wp\/v2\/posts\/4230\/revisions\/4233"}],"wp:featuredmedia":[{"embeddable":true,"href":"https:\/\/zonaroja.com.mx\/index.php?rest_route=\/wp\/v2\/media\/4231"}],"wp:attachment":[{"href":"https:\/\/zonaroja.com.mx\/index.php?rest_route=%2Fwp%2Fv2%2Fmedia&parent=4230"}],"wp:term":[{"taxonomy":"category","embeddable":true,"href":"https:\/\/zonaroja.com.mx\/index.php?rest_route=%2Fwp%2Fv2%2Fcategories&post=4230"},{"taxonomy":"post_tag","embeddable":true,"href":"https:\/\/zonaroja.com.mx\/index.php?rest_route=%2Fwp%2Fv2%2Ftags&post=4230"}],"curies":[{"name":"wp","href":"https:\/\/api.w.org\/{rel}","templated":true}]}}