{"id":42304,"date":"2022-06-12T12:34:40","date_gmt":"2022-06-12T17:34:40","guid":{"rendered":"https:\/\/www.zonaroja.com.mx\/?p=42304"},"modified":"2022-06-12T12:34:42","modified_gmt":"2022-06-12T17:34:42","slug":"parte-soledad-jarquin-a-holanda-para-iniciar-gira-internacional-de-denuncia","status":"publish","type":"post","link":"https:\/\/zonaroja.com.mx\/?p=42304","title":{"rendered":"Parte Soledad Jarqu\u00edn a Holanda para iniciar gira internacional de denuncia"},"content":{"rendered":"\n<p>Ismael Garc\u00eda M.\/Zona Roja.&nbsp;<\/p>\n\n\n\n<p>Oaxaca de Ju\u00e1rez, Oax., 12 de junio de 2022.- Una manta bordada, una bolsa llena de energ\u00eda y palabras sabias, un poema de M\u00f3nica Ertl, una bufanda tejida\u2026 son parte de los art\u00edculos que lleva Soledad Jarqu\u00edn Edgar, quien este domingo parti\u00f3 a Holanda.&nbsp;<\/p>\n\n\n\n<p>En ese pa\u00eds iniciar\u00e1 una lucha internacional para denunciar la nula justicia e impunidad en el caso del asesinato de su hija Mar\u00eda del Sol Cruz Jarqu\u00edn, ultimada el 2 de junio de 2018.&nbsp;<\/p>\n\n\n\n<p>Consorcio Oaxaca inform\u00f3 que con el fin de buscar la justicia que le ha sido obstruida y  negada en M\u00e9xico ante el feminicido de su hija Mar\u00eda del Sol, la periodista Soledad Jarqu\u00edn Edgar arranca una gira internacional del 13 de junio al 5 de julio de 2022, con el acompa\u00f1amiento de dicha organizaci\u00f3n.<\/p>\n\n\n\n<p>De igual forma, para exponer la gravedad del feminicidio en M\u00e9xico, a fin de allanar las brechas de impunidad en M\u00e9xico ante el fen\u00f3meno del feminicidio, Jarqu\u00edn \u00c9dgar se presentar\u00e1 ante distintas instancias, organizaciones defensoras de derechos humanos y gobiernos internacionales.  <\/p>\n\n\n\n<p>En la gira se llevar\u00e1n a cabo reuniones de trabajo con europarlamentarios, instancias de la Uni\u00f3n Europea&nbsp; y organizaciones defensoras de derechos humanos.&nbsp;<\/p>\n\n\n\n<p>Recorrer\u00e1 B\u00e9lgica, Francia, Alemania, &nbsp;Suiza y Espa\u00f1a, con la finalidad de evidenciar la gravedad de la violencia feminicida en nuestro pa\u00eds, as\u00ed como la falla del Estado Mexicano para garantizar la justicia ante este fen\u00f3meno que presenta un patr\u00f3n sistem\u00e1tico de cifras que van en aumento e impunidad.<\/p>\n\n\n\n<p>Sol Jarqu\u00edn lleva adem\u00e1s en sus maletas de viaje un pu\u00f1o alzado diminuto y potente, una flor de papel de cari\u00f1o, varias cartas con palabras llenas de sororidad.<\/p>\n\n\n\n<p>Un coraz\u00f3n de todas las madres contra el feminicidio y la impunidad, cuatro libros, una postal &nbsp;con la palabra esperanza, cinco aceites de amor y fuerza, una moneda \u201cpara que nada me falte\u201d, un cartel rosa chillante que dice algo m\u00e1s que buen viaje\u201d, difundi\u00f3 en sus redes sociales.&nbsp;<\/p>\n\n\n\n<p>Lleva tambi\u00e9n \u201cLa bendici\u00f3n de mi madre, el abrazo de mi familia, los abrazos de mis hijas y Mat, las palabras suaves de mis amigas que dicen \u2018vamos contigo\u2019 y su eco viaja de mi o\u00eddo al coraz\u00f3n.<\/p>\n\n\n\n<p>\u201cLas  que promete rezar o meditar o tenerme en sus pensamientos positivos. Las que me dieron de su bolsa, Mis amigos que me dicen que no deje de luchar. Viajo con todo ello, con todo me voy. Gracias infinitas\u201d poste\u00f3 Sol Jarqu\u00edn. <\/p>\n","protected":false},"excerpt":{"rendered":"<p>Ismael Garc\u00eda M.\/Zona Roja.&nbsp; Oaxaca de Ju\u00e1rez, Oax., 12 de junio de 2022.- Una manta&hellip;<\/p>\n","protected":false},"author":2,"featured_media":42303,"comment_status":"closed","ping_status":"open","sticky":false,"template":"","format":"standard","meta":{"_lmt_disableupdate":"","_lmt_disable":"","_jetpack_memberships_contains_paid_content":false,"footnotes":""},"categories":[109,47],"tags":[],"class_list":["post-42304","post","type-post","status-publish","format-standard","has-post-thumbnail","hentry","category-minuto-a-minuto","category-zona-gris"],"jetpack_featured_media_url":"https:\/\/zonaroja.com.mx\/wp-content\/uploads\/2022\/06\/img_9807.jpg","jetpack_sharing_enabled":true,"_links":{"self":[{"href":"https:\/\/zonaroja.com.mx\/index.php?rest_route=\/wp\/v2\/posts\/42304","targetHints":{"allow":["GET"]}}],"collection":[{"href":"https:\/\/zonaroja.com.mx\/index.php?rest_route=\/wp\/v2\/posts"}],"about":[{"href":"https:\/\/zonaroja.com.mx\/index.php?rest_route=\/wp\/v2\/types\/post"}],"author":[{"embeddable":true,"href":"https:\/\/zonaroja.com.mx\/index.php?rest_route=\/wp\/v2\/users\/2"}],"replies":[{"embeddable":true,"href":"https:\/\/zonaroja.com.mx\/index.php?rest_route=%2Fwp%2Fv2%2Fcomments&post=42304"}],"version-history":[{"count":1,"href":"https:\/\/zonaroja.com.mx\/index.php?rest_route=\/wp\/v2\/posts\/42304\/revisions"}],"predecessor-version":[{"id":42305,"href":"https:\/\/zonaroja.com.mx\/index.php?rest_route=\/wp\/v2\/posts\/42304\/revisions\/42305"}],"wp:featuredmedia":[{"embeddable":true,"href":"https:\/\/zonaroja.com.mx\/index.php?rest_route=\/wp\/v2\/media\/42303"}],"wp:attachment":[{"href":"https:\/\/zonaroja.com.mx\/index.php?rest_route=%2Fwp%2Fv2%2Fmedia&parent=42304"}],"wp:term":[{"taxonomy":"category","embeddable":true,"href":"https:\/\/zonaroja.com.mx\/index.php?rest_route=%2Fwp%2Fv2%2Fcategories&post=42304"},{"taxonomy":"post_tag","embeddable":true,"href":"https:\/\/zonaroja.com.mx\/index.php?rest_route=%2Fwp%2Fv2%2Ftags&post=42304"}],"curies":[{"name":"wp","href":"https:\/\/api.w.org\/{rel}","templated":true}]}}