{"id":42306,"date":"2022-06-12T16:58:27","date_gmt":"2022-06-12T21:58:27","guid":{"rendered":"https:\/\/www.zonaroja.com.mx\/?p=42306"},"modified":"2022-06-12T17:33:40","modified_gmt":"2022-06-12T22:33:40","slug":"detiene-fiscalia-a-tres-presuntos-extorsionadores-en-santa-lucia-del-camino","status":"publish","type":"post","link":"https:\/\/zonaroja.com.mx\/?p=42306","title":{"rendered":"Detiene Fiscal\u00eda a tres presuntos extorsionadores en Santa Luc\u00eda del Camino"},"content":{"rendered":"\n<p>Redacci\u00f3n\/Zona Roja.<\/p>\n\n\n\n<p>Oaxaca de Ju\u00e1rez, Oax., 12 de junio de 2022.-&nbsp;Como parte del combate frontal contra la criminalidad en la entidad, la Fiscal\u00eda General del Estado de Oaxaca (FGEO) logr\u00f3 la detenci\u00f3n en flagrancia de tres personas del sexo masculino identificadas como M. U. H. L., M. L. A. y L. E. T. F., probables responsables del delito de extorsi\u00f3n, en agravio de una v\u00edctima de identidad reservada por Ley, cometido en jurisdicci\u00f3n de Santa Luc\u00eda del Camino.<\/p>\n\n\n\n<p>De acuerdo con la carpeta de investigaci\u00f3n 20045\/FDAI\/UECS\/2022 -iniciada por la Fiscal\u00eda Especializada en Atenci\u00f3n a Delitos de Alto Impacto- en octubre de 2018, sujetos armados ingresaron al negocio (bar) de la v\u00edctima, ubicado en inmediaciones de&nbsp;avenida Ferrocarril, en Santa Luc\u00eda, exigiendo el pago mensual de una fuerte suma de dinero.&nbsp;<\/p>\n\n\n\n<p>A partir de esa fecha y hasta junio de 2022, la v\u00edctima continu\u00f3 recibiendo llamadas extorsivas.<\/p>\n\n\n\n<p>El pasado 7 de junio del a\u00f1o en curso, aproximadamente&nbsp;a las 23:00&nbsp;horas, cuando los tres imputados arribaron al negocio para cobrar el dinero de una extorsi\u00f3n, fueron detenidos en flagrancia por elementos de la Agencia Estatal de Investigaciones (AEI).<\/p>\n\n\n\n<p>Tras ser llevados a audiencia, la defensa de los imputados se acogi\u00f3 al t\u00e9rmino constitucional ampliado, mismo que fenece el pr\u00f3ximo&nbsp;13 de junio de 2022, en tanto que el Juez Control orden\u00f3 prisi\u00f3n preventiva oficiosa.&nbsp;<\/p>\n\n\n\n<p>En delitos de alto impacto, la Fiscal\u00eda General compromete investigaciones exhaustivas, a fin de garantizar justicia plena a las v\u00edctimas.<\/p>\n","protected":false},"excerpt":{"rendered":"<p>Redacci\u00f3n\/Zona Roja. Oaxaca de Ju\u00e1rez, Oax., 12 de junio de 2022.-&nbsp;Como parte del combate frontal&hellip;<\/p>\n","protected":false},"author":2,"featured_media":34301,"comment_status":"closed","ping_status":"open","sticky":false,"template":"","format":"standard","meta":{"_lmt_disableupdate":"","_lmt_disable":"","_jetpack_memberships_contains_paid_content":false,"footnotes":""},"categories":[109,47],"tags":[],"class_list":["post-42306","post","type-post","status-publish","format-standard","has-post-thumbnail","hentry","category-minuto-a-minuto","category-zona-gris"],"jetpack_featured_media_url":"https:\/\/zonaroja.com.mx\/wp-content\/uploads\/2021\/11\/Detenido-delito-violencia-1.jpg","jetpack_sharing_enabled":true,"_links":{"self":[{"href":"https:\/\/zonaroja.com.mx\/index.php?rest_route=\/wp\/v2\/posts\/42306","targetHints":{"allow":["GET"]}}],"collection":[{"href":"https:\/\/zonaroja.com.mx\/index.php?rest_route=\/wp\/v2\/posts"}],"about":[{"href":"https:\/\/zonaroja.com.mx\/index.php?rest_route=\/wp\/v2\/types\/post"}],"author":[{"embeddable":true,"href":"https:\/\/zonaroja.com.mx\/index.php?rest_route=\/wp\/v2\/users\/2"}],"replies":[{"embeddable":true,"href":"https:\/\/zonaroja.com.mx\/index.php?rest_route=%2Fwp%2Fv2%2Fcomments&post=42306"}],"version-history":[{"count":1,"href":"https:\/\/zonaroja.com.mx\/index.php?rest_route=\/wp\/v2\/posts\/42306\/revisions"}],"predecessor-version":[{"id":42307,"href":"https:\/\/zonaroja.com.mx\/index.php?rest_route=\/wp\/v2\/posts\/42306\/revisions\/42307"}],"wp:featuredmedia":[{"embeddable":true,"href":"https:\/\/zonaroja.com.mx\/index.php?rest_route=\/wp\/v2\/media\/34301"}],"wp:attachment":[{"href":"https:\/\/zonaroja.com.mx\/index.php?rest_route=%2Fwp%2Fv2%2Fmedia&parent=42306"}],"wp:term":[{"taxonomy":"category","embeddable":true,"href":"https:\/\/zonaroja.com.mx\/index.php?rest_route=%2Fwp%2Fv2%2Fcategories&post=42306"},{"taxonomy":"post_tag","embeddable":true,"href":"https:\/\/zonaroja.com.mx\/index.php?rest_route=%2Fwp%2Fv2%2Ftags&post=42306"}],"curies":[{"name":"wp","href":"https:\/\/api.w.org\/{rel}","templated":true}]}}