{"id":42311,"date":"2022-06-13T09:18:00","date_gmt":"2022-06-13T14:18:00","guid":{"rendered":"http:\/\/www.zonaroja.com.mx\/?p=42311"},"modified":"2022-06-13T09:34:19","modified_gmt":"2022-06-13T14:34:19","slug":"principales-aspirantes-de-morena-a-presidencia-se-reunen-en-edomex-monreal-excluido","status":"publish","type":"post","link":"https:\/\/zonaroja.com.mx\/?p=42311","title":{"rendered":"Aspirantes de Morena a presidencia se re\u00fanen en Edomex; Monreal, excluido"},"content":{"rendered":"\n<p>Redacci\u00f3n\/Zona Roja Cdmx.<\/p>\n\n\n\n<p>Ciudad de M\u00e9xico, 13 de junio de 2022.- Bajo el pretexto de iniciar la contienda por la gubernatura del Estado de M\u00e9xico, principales aspirantes a la Presidencia de la Rep\u00fablica, con excepci\u00f3n de Ricardo Monreal, se reunieron en dicha entidad ayer domingo.<\/p>\n\n\n\n<p>El coordinador parlamentario de los morenistas en el Senado de la Rep\u00fablica, opt\u00f3 por acudir el s\u00e1bado a Campeche, tierra de Alejandro Moreno C\u00e1rdenas, dirigente nacional del PRI, para reunirse con militantes de su partido, y ayer estuvo en Zacatecas.<\/p>\n\n\n\n<p>Desde esa entidad del sureste del pa\u00eds, Monreal llam\u00f3 a la unidad en entre sociedad civil y gobierno, \u201cpara ver por el pa\u00eds y su futuro\u201d, adem\u00e1s de reiterar su aspiraci\u00f3n para sustituir a Andr\u00e9s Manuel L\u00f3pez Obrador. Mientras que en su tierra natal, presidi\u00f3 hoy una ceremonia al poeta zacatecano Ram\u00f3n L\u00f3pez Velarde.<\/p>\n\n\n\n<p>Por su parte, los principales aspirantes a la silla presidencia, entre ellos Ad\u00e1n Augusto L\u00f3pez, secretario de Gobernaci\u00f3n; Marcelo Ebrard, secretario de Relaciones Exteriores, y Claudia Sheinbaum, jefa de Gobierno de la Ciudad de M\u00e9xico, estuvieron en un magno mitin en la ciudad de Toluca.<\/p>\n\n\n\n<figure class=\"wp-block-embed is-type-rich is-provider-twitter wp-block-embed-twitter\"><div class=\"wp-block-embed__wrapper\">\n<div class=\"twitter-tweet\"><blockquote class=\"twitter-tweet\" data-lang=\"es\"><p lang=\"es\" dir=\"ltr\">Tuvimos un encuentro por la <a href=\"https:\/\/twitter.com\/hashtag\/UnidadYMovilizaci%C3%B3n?src=hash&amp;ref_src=twsrc%5Etfw\">#UnidadYMovilizaci\u00f3n<\/a> extraordinario, donde dimos muestra de que nuestro movimiento est\u00e1 m\u00e1s vivo que nunca. \u00a1Qu\u00e9 siga la transformaci\u00f3n! <a href=\"https:\/\/t.co\/9oTYf2hFyH\">pic.twitter.com\/9oTYf2hFyH<\/a><\/p>&mdash; Salom\u00f3n Jara Cruz (@salomonj) <a href=\"https:\/\/twitter.com\/salomonj\/status\/1536081121544396808?ref_src=twsrc%5Etfw\">12 de junio de 2022<\/a><\/blockquote><\/div>\n<\/div><\/figure>\n\n\n\n<p>Al tomar la palabra, coincidieron en refrendar su compromiso de fortalecer la unidad del Partido Morena.<\/p>\n\n\n\n<p>Asimismo, en destacar lo que consideran logros del Presidente Andr\u00e9s Manuel L\u00f3pez Obrador, a tres a\u00f1os y medio de su mandato.<\/p>\n\n\n\n<p>En el acto denominado \u201cUnidad y movilizaci\u00f3n para que siga la transformaci\u00f3n\u201d, el dirigente nacional del partido, Mario Delgado, expuso que en un a\u00f1o se aplicar\u00edan las encuestas para elegir al abanderado de Morena a la Presidencia de M\u00e9xico; Monreal ha dicho que desconf\u00eda de este m\u00e9todo.<\/p>\n\n\n\n<p>A este encuentro en el Estado de M\u00e9xico, acudi\u00f3 el gobernador electo de Oaxaca, Salom\u00f3n Jara Cruz, y por lo cual no pudo acudir hoy a la sesi\u00f3n del Instituto Estatal Electoral y de Participaci\u00f3n Ciudadana de Oaxaca (IEEPCO) a recibir su constancia de mayor\u00eda.<\/p>\n\n\n\n<figure class=\"wp-block-embed is-type-rich is-provider-twitter wp-block-embed-twitter\"><div class=\"wp-block-embed__wrapper\">\n<div class=\"twitter-tweet\"><blockquote class=\"twitter-tweet\" data-lang=\"es\"><p lang=\"es\" dir=\"ltr\"><a href=\"https:\/\/twitter.com\/hashtag\/EnVivo?src=hash&amp;ref_src=twsrc%5Etfw\">#EnVivo<\/a> Desde la Rotonda de las Personas Ilustres, participo en la ceremonia de entrega de la ofrenda floral al poeta Ram\u00f3n L\u00f3pez Velarde, con motivo de la celebraci\u00f3n del <a href=\"https:\/\/twitter.com\/hashtag\/D%C3%ADaDelZacatecano?src=hash&amp;ref_src=twsrc%5Etfw\">#D\u00edaDelZacatecano<\/a> y la Zacatecana radicados en la <a href=\"https:\/\/twitter.com\/hashtag\/CDMX?src=hash&amp;ref_src=twsrc%5Etfw\">#CDMX<\/a>. <a href=\"https:\/\/t.co\/bnHFN3kMto\">https:\/\/t.co\/bnHFN3kMto<\/a><\/p>&mdash; Ricardo Monreal A. (@RicardoMonrealA) <a href=\"https:\/\/twitter.com\/RicardoMonrealA\/status\/1536007934798446592?ref_src=twsrc%5Etfw\">12 de junio de 2022<\/a><\/blockquote><\/div>\n<\/div><\/figure>\n\n\n\n<p>(Con informaci\u00f3n de agencias)<\/p>\n","protected":false},"excerpt":{"rendered":"<p>Redacci\u00f3n\/Zona Roja Cdmx. Ciudad de M\u00e9xico, 13 de junio de 2022.- Bajo el pretexto de&hellip;<\/p>\n","protected":false},"author":2,"featured_media":42312,"comment_status":"closed","ping_status":"open","sticky":false,"template":"","format":"standard","meta":{"_lmt_disableupdate":"","_lmt_disable":"","_jetpack_memberships_contains_paid_content":false,"footnotes":""},"categories":[109,47],"tags":[582],"class_list":["post-42311","post","type-post","status-publish","format-standard","has-post-thumbnail","hentry","category-minuto-a-minuto","category-zona-gris","tag-partido-morena"],"jetpack_featured_media_url":"https:\/\/zonaroja.com.mx\/wp-content\/uploads\/2022\/06\/Evento-Morena-en-Edomex.jpg","jetpack_sharing_enabled":true,"_links":{"self":[{"href":"https:\/\/zonaroja.com.mx\/index.php?rest_route=\/wp\/v2\/posts\/42311","targetHints":{"allow":["GET"]}}],"collection":[{"href":"https:\/\/zonaroja.com.mx\/index.php?rest_route=\/wp\/v2\/posts"}],"about":[{"href":"https:\/\/zonaroja.com.mx\/index.php?rest_route=\/wp\/v2\/types\/post"}],"author":[{"embeddable":true,"href":"https:\/\/zonaroja.com.mx\/index.php?rest_route=\/wp\/v2\/users\/2"}],"replies":[{"embeddable":true,"href":"https:\/\/zonaroja.com.mx\/index.php?rest_route=%2Fwp%2Fv2%2Fcomments&post=42311"}],"version-history":[{"count":2,"href":"https:\/\/zonaroja.com.mx\/index.php?rest_route=\/wp\/v2\/posts\/42311\/revisions"}],"predecessor-version":[{"id":42322,"href":"https:\/\/zonaroja.com.mx\/index.php?rest_route=\/wp\/v2\/posts\/42311\/revisions\/42322"}],"wp:featuredmedia":[{"embeddable":true,"href":"https:\/\/zonaroja.com.mx\/index.php?rest_route=\/wp\/v2\/media\/42312"}],"wp:attachment":[{"href":"https:\/\/zonaroja.com.mx\/index.php?rest_route=%2Fwp%2Fv2%2Fmedia&parent=42311"}],"wp:term":[{"taxonomy":"category","embeddable":true,"href":"https:\/\/zonaroja.com.mx\/index.php?rest_route=%2Fwp%2Fv2%2Fcategories&post=42311"},{"taxonomy":"post_tag","embeddable":true,"href":"https:\/\/zonaroja.com.mx\/index.php?rest_route=%2Fwp%2Fv2%2Ftags&post=42311"}],"curies":[{"name":"wp","href":"https:\/\/api.w.org\/{rel}","templated":true}]}}