{"id":42319,"date":"2022-06-12T21:06:22","date_gmt":"2022-06-13T02:06:22","guid":{"rendered":"http:\/\/www.zonaroja.com.mx\/?p=42319"},"modified":"2022-06-12T21:06:23","modified_gmt":"2022-06-13T02:06:23","slug":"culmina-con-exito-labor-del-ieepco-se-cumplio-con-la-ciudadania-egs","status":"publish","type":"post","link":"https:\/\/zonaroja.com.mx\/?p=42319","title":{"rendered":"Culmina con \u00e9xito labor del IEEPCO; se cumpli\u00f3 con la ciudadan\u00eda: EGS"},"content":{"rendered":"\n<p>Redacci\u00f3n\/Zona Roja<\/p>\n\n\n\n<p>Oaxaca de Ju\u00e1rez, Oax., 12 de junio de 2022.- El Consejo General del Instituto Estatal Electoral y de Participaci\u00f3n Ciudadana de Oaxaca (IEEPCO) valid\u00f3 la elecci\u00f3n a la gubernatura del estado, cuya jornada electoral se llev\u00f3 a cabo el pasado domingo 5 de junio de 2022, y expidi\u00f3 la constancia de mayor\u00eda correspondiente a Salom\u00f3n Jara Cruz acredit\u00e1ndolo como gobernador electo.&nbsp; &nbsp;<\/p>\n\n\n\n<p>Lo anterior, en Sesi\u00f3n Especial donde adem\u00e1s se llev\u00f3 a cabo el c\u00f3mputo general de la elecci\u00f3n, la revisi\u00f3n de las actas de c\u00f3mputo distritales y del voto de las oaxaque\u00f1as y oaxaque\u00f1os en el extranjero, los cuales fueron le\u00eddos en voz alta como lo mandata la normatividad electoral.&nbsp; &nbsp;<\/p>\n\n\n\n<p>Fue la Secretar\u00eda Ejecutiva, a cargo de Juan Carlos Merl\u00edn Mu\u00f1oz, quien dio lectura al acta de c\u00f3mputo general de la elecci\u00f3n, misma que fue firmada y aprobada por unanimidad por quienes integran el Consejo General del \u00f3rgano electoral a fin de dar fe de los resultados obtenidos durante la contienda.&nbsp; &nbsp;<\/p>\n\n\n\n<p>Posteriormente, las consejeras y consejeros electorales colocaron los resultados finales del c\u00f3mputo en el acceso del edificio del IEEPCO a fin de que est\u00e9n visibles para la ciudadan\u00eda.&nbsp; &nbsp;<\/p>\n\n\n\n<p>Durante su intervenci\u00f3n, el consejero electoral Alejandro Carrasco Sampedro asegur\u00f3 que el Instituto culmin\u00f3 fortalecido en el \u00faltimo tramo del calendario electoral, cumpliendo as\u00ed con su labor en el marco del Proceso Electoral 2021-2022, prepar\u00e1ndose para emprender un proceso de evaluaci\u00f3n y dar seguimiento a las elecciones de los municipios de Sistemas Normativos Ind\u00edgenas.&nbsp; &nbsp;<\/p>\n\n\n\n<p>La consejera electoral, Nayma Enr\u00edquez Estrada reconoci\u00f3 a la ciudadan\u00eda que se hizo cargo de la elecci\u00f3n, de forma particular a las mujeres que no solo salieron a votar, sino que tambi\u00e9n fueron mayor\u00eda como funcionarias de casillas, capacitadoras y asistentes electores, incluso integrantes de los Consejos Distritales, ello sin dejar de evidenciar el inter\u00e9s y compromiso de las y los oaxaque\u00f1os que residen en el extranjero y que hicieron escuchar su voz a trav\u00e9s de su voto.\u00a0 \u00a0<\/p>\n\n\n\n<figure class=\"wp-block-embed is-type-rich is-provider-twitter wp-block-embed-twitter\"><div class=\"wp-block-embed__wrapper\">\n<div class=\"twitter-tweet\"><blockquote class=\"twitter-tweet\" data-lang=\"es\"><p lang=\"es\" dir=\"ltr\"><a href=\"https:\/\/twitter.com\/hashtag\/%C3%9AltimoMinuto?src=hash&amp;ref_src=twsrc%5Etfw\">#\u00daltimoMinuto<\/a><br>Con mensaje de presidenta del <a href=\"https:\/\/twitter.com\/IEEPCO?ref_src=twsrc%5Etfw\">@IEEPCO<\/a>, <a href=\"https:\/\/twitter.com\/Bidxa_a?ref_src=twsrc%5Etfw\">@Bidxa_a<\/a>, culmin\u00f3 sesi\u00f3n del \u00f3rgano.<br>Felicit\u00f3 a ciudadanos y partidos, as\u00ed como personal del Instituto, por una jornada pac\u00edfica y organizada. <br>Confirm\u00f3 la emisi\u00f3n de constancia de mayor\u00eda para <a href=\"https:\/\/twitter.com\/salomonj?ref_src=twsrc%5Etfw\">@salomonj<\/a> como gobernador electo. <a href=\"https:\/\/t.co\/FsfGwRR8KJ\">pic.twitter.com\/FsfGwRR8KJ<\/a><\/p>&mdash; Zona Roja Oaxaca (@ZonaRoja_Oaxaca) <a href=\"https:\/\/twitter.com\/ZonaRoja_Oaxaca\/status\/1536090453669564417?ref_src=twsrc%5Etfw\">12 de junio de 2022<\/a><\/blockquote><\/div>\n<\/div><\/figure>\n\n\n\n<p>Por su parte la consejera electoral, Carmelita Sibaja Ochoa destac\u00f3 los nueve meses de arduo trabajo en los que se desarrollaron 50 actividades sustantivas, incluidas las elecciones extraordinarias en siete municipios; de igual forma destac\u00f3 las acciones afirmativas que permitieron la participaci\u00f3n de los pueblos y comunidades ind\u00edgenas en la contienda.&nbsp;&nbsp; &nbsp;<\/p>\n\n\n\n<p>A LA ALTURA<\/p>\n\n\n\n<p>Mientras que, la consejera presidenta del IEEPCO, Elizabeth S\u00e1nchez Gonz\u00e1lez, puntualiz\u00f3 que el Instituto estuvo a la altura del reto que implic\u00f3 la preparaci\u00f3n de los comicios, sobre todo, en d\u00edas previos a la jornada electoral con el paso del hurac\u00e1n \u201cAgatha\u201d que afect\u00f3 a varias zonas de la entidad. \u201cDimos cuenta de ser una instituci\u00f3n s\u00f3lida, profesional y capaz de afrontar retos may\u00fasculos\u201d, indic\u00f3.&nbsp; &nbsp;<\/p>\n\n\n\n<p>En este mismo sentido, abund\u00f3 que son las autoridades electorales las responsables de llevar a buen puerto las elecciones, sin embargo, es la ciudadan\u00eda la verdadera protagonista y tomadora de decisiones de la vida democr\u00e1tica de Oaxaca. \u201cCon su participaci\u00f3n, reivindicamos la importancia de tomar decisiones colectivas en un ambiente de paz y tolerancia\u201d, manifest\u00f3.&nbsp; &nbsp;<\/p>\n\n\n\n<p>Finalmente, reconoci\u00f3 el trabajo de las consejer\u00edas, Secretar\u00eda Ejecutiva y personal del INE Oaxaca -al frente de Edgar Humberto Arias Alba- por abonar con su experiencia y talento en un proceso electoral m\u00e1s, para el afianzamiento de la democracia en el estado; asimismo, el liderazgo de quienes encabezan las \u00e1reas administrativas, ejecutivas y t\u00e9cnicas del IEEPCO, al igual que a la base trabajadora que puso todo su empe\u00f1o y dedicaci\u00f3n. &nbsp;<\/p>\n\n\n\n<p>Durante la Sesi\u00f3n Especial tambi\u00e9n estuvieron presentes las consejeras electorales, Jessica Jazibe Hern\u00e1ndez Garc\u00eda y Zaira Alhel\u00ed Hip\u00f3lito L\u00f3pez; as\u00ed como el consejero electoral Wilfrido Almaraz Santib\u00e1\u00f1ez y las representaciones de los partidos pol\u00edticos y candidaturas independientes ind\u00edgenas, quienes reconocieron el gran trabajo realizado por el \u00f3rgano electoral.<\/p>\n","protected":false},"excerpt":{"rendered":"<p>Redacci\u00f3n\/Zona Roja Oaxaca de Ju\u00e1rez, Oax., 12 de junio de 2022.- El Consejo General del&hellip;<\/p>\n","protected":false},"author":2,"featured_media":42310,"comment_status":"closed","ping_status":"open","sticky":false,"template":"","format":"standard","meta":{"_lmt_disableupdate":"","_lmt_disable":"","_jetpack_memberships_contains_paid_content":false,"footnotes":""},"categories":[109,46],"tags":[2932],"class_list":["post-42319","post","type-post","status-publish","format-standard","has-post-thumbnail","hentry","category-minuto-a-minuto","category-zona-blanca","tag-instituto-estatal-electoral-y-de-participacion-ciudadana-de-oaxaca-ieepco"],"jetpack_featured_media_url":"https:\/\/zonaroja.com.mx\/wp-content\/uploads\/2022\/06\/Sesion-especial-fin-computo-IEEPCO.jpg","jetpack_sharing_enabled":true,"_links":{"self":[{"href":"https:\/\/zonaroja.com.mx\/index.php?rest_route=\/wp\/v2\/posts\/42319","targetHints":{"allow":["GET"]}}],"collection":[{"href":"https:\/\/zonaroja.com.mx\/index.php?rest_route=\/wp\/v2\/posts"}],"about":[{"href":"https:\/\/zonaroja.com.mx\/index.php?rest_route=\/wp\/v2\/types\/post"}],"author":[{"embeddable":true,"href":"https:\/\/zonaroja.com.mx\/index.php?rest_route=\/wp\/v2\/users\/2"}],"replies":[{"embeddable":true,"href":"https:\/\/zonaroja.com.mx\/index.php?rest_route=%2Fwp%2Fv2%2Fcomments&post=42319"}],"version-history":[{"count":1,"href":"https:\/\/zonaroja.com.mx\/index.php?rest_route=\/wp\/v2\/posts\/42319\/revisions"}],"predecessor-version":[{"id":42320,"href":"https:\/\/zonaroja.com.mx\/index.php?rest_route=\/wp\/v2\/posts\/42319\/revisions\/42320"}],"wp:featuredmedia":[{"embeddable":true,"href":"https:\/\/zonaroja.com.mx\/index.php?rest_route=\/wp\/v2\/media\/42310"}],"wp:attachment":[{"href":"https:\/\/zonaroja.com.mx\/index.php?rest_route=%2Fwp%2Fv2%2Fmedia&parent=42319"}],"wp:term":[{"taxonomy":"category","embeddable":true,"href":"https:\/\/zonaroja.com.mx\/index.php?rest_route=%2Fwp%2Fv2%2Fcategories&post=42319"},{"taxonomy":"post_tag","embeddable":true,"href":"https:\/\/zonaroja.com.mx\/index.php?rest_route=%2Fwp%2Fv2%2Ftags&post=42319"}],"curies":[{"name":"wp","href":"https:\/\/api.w.org\/{rel}","templated":true}]}}