{"id":42323,"date":"2022-06-13T10:30:00","date_gmt":"2022-06-13T15:30:00","guid":{"rendered":"http:\/\/www.zonaroja.com.mx\/?p=42323"},"modified":"2022-06-13T06:37:41","modified_gmt":"2022-06-13T11:37:41","slug":"guillermo-quijas-cobra-23-mil-a-editoriales-independientes-por-un-stand-en-la-filo","status":"publish","type":"post","link":"https:\/\/zonaroja.com.mx\/?p=42323","title":{"rendered":"Guillermo Quijas cobra $23 mil a editoriales independientes por un stand en la FILO"},"content":{"rendered":"\n<p>Redacci\u00f3n\/Estado 20. Foto: Especial<\/p>\n\n\n\n<p>Oaxaca de Ju\u00e1rez, Oax., 13 de junio de 2022.- El empresario Guillermo Quijas cobra un \u201cdonativo\u201d de 23 mil pesos a editoriales independientes por colocar un stand en la Feria Internacional del Libro Oaxaca (FILO) 2022, la cual organiza a trav\u00e9s de la asociaci\u00f3n civil Fondo Ventura, filial de su empresa La Proveedora Escolar.&nbsp;<\/p>\n\n\n\n<p>Adem\u00e1s, es propietario de la editorial Almad\u00eda, ambas empresas que ocupan la mayor\u00eda de los espacios en esta feria.<\/p>\n\n\n\n<p>Lo anterior, pese a que Fondo Ventura recibe tres millones de pesos del gobierno federal cada a\u00f1o para la realizaci\u00f3n de la FILO. Los recursos p\u00fablicos que se entregan al empresario proven\u00edan hasta el a\u00f1o 2018 del ramo 11 y ahora, a trav\u00e9s del sistema de Apoyos a Festivales Culturales y Art\u00edsticos (Profest) de la Secretar\u00eda de la Cultura Federal.<\/p>\n\n\n\n<p>Para la edici\u00f3n de la FILO de este a\u00f1o, el empresario \u2013quien adem\u00e1s posee el monopolio con el gobierno de Oaxaca para la venta de material e insumos de papeler\u00eda\u2013 cobra un \u201cdonativo\u201d de 23 mil pesos a las editoriales independientes; monto al que deben sumarle el IVA, si quieren una factura. Es decir, que tambi\u00e9n recibe estos \u201cdonativos\u201d sin comprobaci\u00f3n fiscal.<\/p>\n\n\n\n<p>Guillermo Quijas ofrece a las editoriales independientes un descuento si realizan el pago en una sola exhibici\u00f3n del 10 por ciento si lo realizan antes del 4 de julio y del 5% si lo realizan hasta el 8 de agosto. Tambi\u00e9n ofrece pagos diferidos: los dos primeros de seis mil 900, y un tercer pago de nueve mil 200 pesos.<\/p>\n\n\n\n<p>De acuerdo con los reportes financieros del gobierno de Oaxaca y de la Secretar\u00eda de la Cultura federal, el empresario Guillermo Quijas recibi\u00f3 un financiamiento p\u00fablico de recursos federales por tres millones de pesos para la organizaci\u00f3n de la FILO en el a\u00f1o 2016; en 2018 y 2019, tambi\u00e9n fueron montos de tres millones de pesos.<\/p>\n\n\n\n<p>En el a\u00f1o 2020 recibi\u00f3 un financiamiento de 441 mil 520 pesos y en el a\u00f1o 2021 fueron dos millones 500 mil pesos. En 2020, pese a que se celebr\u00f3 exclusivamente de manera virtual, y en 2021 con un formato h\u00edbrido: virtual y presencial.<\/p>\n\n\n\n<p>Para la edici\u00f3n de la FILO 2022, seg\u00fan la Secretar\u00eda de la Cultura federal, el empresario Guillermo Quijas recibir\u00e1 un monto de dos millones 800 mil pesos a trav\u00e9s de su asociaci\u00f3n civil Fondo Ventura.<\/p>\n\n\n\n<p>Esto sin contar, que el empresario no eroga ning\u00fan gasto por la la ocupaci\u00f3n del espacio en que se desarrolla la Feria; todos los espacios que ocupa son espacios p\u00fablicos que el gobierno le presta para que realice su evento anual.<\/p>\n\n\n\n<p>Recientemente, los organizadores de la FILO 2022 han informado a trav\u00e9s de sus redes sociales y canales institucionales que habr\u00e1 42 expositores en la Feria, lo que representan al menos 966 mil pesos de ganancias para el empresario Guillermo Quijas, si \u00fanicamente pagaron un \u00abdonativo\u00bb por un stand; esto, adem\u00e1s, sin contemplar, los ingresos que obtendr\u00e1 por la venta de sus libros y material de papeler\u00eda a trav\u00e9s de dos de sus empresas La Proveedora Escolar y Editorial Almad\u00eda.<\/p>\n\n\n\n<p>En su sitio web, el empresario presume que Fondo Ventura \u2013cuya presidencia est\u00e1 a cargo de Vania Res\u00e9ndiz\u2013 tiene \u201csu vocaci\u00f3n en impulsar el acceso cultural a trav\u00e9s de las diversas manifestaciones art\u00edsticas, poniendo especial \u00e9nfasis en aquellas del \u00e1mbito literario\u201d.<\/p>\n\n\n\n<p>Y sostiene que su misi\u00f3n es \u201cpromover un mayor nivel de bienestar a personas, comunidades u organizaciones, mediante el dise\u00f1o, difusi\u00f3n y realizaci\u00f3n de actividades de fomento a la lectura y las artes, que permitan desarrollar capacidades, conocer otros referentes y ampliar las oportunidades del lugar en el que viven\u201d.<\/p>\n\n\n\n<p>Estos cobros o \u201cdonativos\u201d del empresario Guillermo Quijas fueron criticados por usuarios en redes sociales:<\/p>\n\n\n\n<p>\u201cPor eso casi no se ven editoriales independientes en la Feria Internacional del Libro de Oaxaca. Imag\u00ednate pagar $23,000 pesos m\u00e1s lo de tu transporte, el personal y tu hospedaje. Y se supone que Almad\u00eda es una editorial independiente. N\u2019ombre\u201d, escribi\u00f3 uno de ellos.<\/p>\n","protected":false},"excerpt":{"rendered":"<p>Redacci\u00f3n\/Estado 20. Foto: Especial Oaxaca de Ju\u00e1rez, Oax., 13 de junio de 2022.- El empresario&hellip;<\/p>\n","protected":false},"author":2,"featured_media":42324,"comment_status":"closed","ping_status":"open","sticky":false,"template":"","format":"standard","meta":{"_lmt_disableupdate":"","_lmt_disable":"","_jetpack_memberships_contains_paid_content":false,"footnotes":""},"categories":[109,47],"tags":[850],"class_list":["post-42323","post","type-post","status-publish","format-standard","has-post-thumbnail","hentry","category-minuto-a-minuto","category-zona-gris","tag-feria-internacional-del-libro-oaxaca-filo"],"jetpack_featured_media_url":"https:\/\/zonaroja.com.mx\/wp-content\/uploads\/2022\/06\/Guillermo-Quijas-FILO.jpeg","jetpack_sharing_enabled":true,"_links":{"self":[{"href":"https:\/\/zonaroja.com.mx\/index.php?rest_route=\/wp\/v2\/posts\/42323","targetHints":{"allow":["GET"]}}],"collection":[{"href":"https:\/\/zonaroja.com.mx\/index.php?rest_route=\/wp\/v2\/posts"}],"about":[{"href":"https:\/\/zonaroja.com.mx\/index.php?rest_route=\/wp\/v2\/types\/post"}],"author":[{"embeddable":true,"href":"https:\/\/zonaroja.com.mx\/index.php?rest_route=\/wp\/v2\/users\/2"}],"replies":[{"embeddable":true,"href":"https:\/\/zonaroja.com.mx\/index.php?rest_route=%2Fwp%2Fv2%2Fcomments&post=42323"}],"version-history":[{"count":1,"href":"https:\/\/zonaroja.com.mx\/index.php?rest_route=\/wp\/v2\/posts\/42323\/revisions"}],"predecessor-version":[{"id":42325,"href":"https:\/\/zonaroja.com.mx\/index.php?rest_route=\/wp\/v2\/posts\/42323\/revisions\/42325"}],"wp:featuredmedia":[{"embeddable":true,"href":"https:\/\/zonaroja.com.mx\/index.php?rest_route=\/wp\/v2\/media\/42324"}],"wp:attachment":[{"href":"https:\/\/zonaroja.com.mx\/index.php?rest_route=%2Fwp%2Fv2%2Fmedia&parent=42323"}],"wp:term":[{"taxonomy":"category","embeddable":true,"href":"https:\/\/zonaroja.com.mx\/index.php?rest_route=%2Fwp%2Fv2%2Fcategories&post=42323"},{"taxonomy":"post_tag","embeddable":true,"href":"https:\/\/zonaroja.com.mx\/index.php?rest_route=%2Fwp%2Fv2%2Ftags&post=42323"}],"curies":[{"name":"wp","href":"https:\/\/api.w.org\/{rel}","templated":true}]}}