{"id":42326,"date":"2022-06-13T06:46:08","date_gmt":"2022-06-13T11:46:08","guid":{"rendered":"http:\/\/www.zonaroja.com.mx\/?p=42326"},"modified":"2022-06-13T06:46:10","modified_gmt":"2022-06-13T11:46:10","slug":"rinden-homenaje-postumo-a-elementos-de-la-pabic-asesinados-en-el-istmo","status":"publish","type":"post","link":"https:\/\/zonaroja.com.mx\/?p=42326","title":{"rendered":"Rinden homenaje p\u00f3stumo a elementos de la PABIC asesinados en el Istmo"},"content":{"rendered":"\n<p>Redacci\u00f3n\/Zona Roja.<\/p>\n\n\n\n<p>Oaxaca de Ju\u00e1rez, Oax., 13 de junio de 2022.- En Juchit\u00e1n de Zaragoza, la titular de la Secretar\u00eda de Seguridad P\u00fablica de Oaxaca (SSPO), Dalia Ba\u00f1os Noyola, acompa\u00f1ada de mandos de la corporaci\u00f3n, rindi\u00f3 un homenaje p\u00f3stumo a los polic\u00edas auxiliares que lamentablemente perdieron la vida este fin de semana, en cumplimiento de su deber.<\/p>\n\n\n\n<p>Como parte de dicho homenaje se realiz\u00f3 el \u00faltimo pase de lista en honor a Gilberto Valdivieso S\u00e1nchez y Bernardo Blas Pineda, quienes formaban parte de las filas de la Polic\u00eda Auxiliar, Bancaria, Industrial y Comercial (PABIC).<\/p>\n\n\n\n<p>En su mensaje, Ba\u00f1os Noyola conden\u00f3 tales hechos y solicit\u00f3 de manera respetuosa a la Fiscal\u00eda General del Estado y a la Fiscal\u00eda General de la Rep\u00fablica, el pronto esclarecimiento del crimen y la aprehensi\u00f3n de quien o quienes resulten responsables.<\/p>\n\n\n\n<p>\u201cEl crimen cometido contra Gilberto y Bernardo, enluta a todas las instituciones policiales oaxaque\u00f1as y su muerte, de ninguna manera puede quedar impune\u201d, subray\u00f3.<\/p>\n\n\n\n<p>Asimismo, recalc\u00f3 y reconoci\u00f3 la entrega de los elementos por preservar el orden y la paz de las familias oaxaque\u00f1as, y se solidariz\u00f3 con sus familiares por tan lamentable p\u00e9rdida.<\/p>\n\n\n\n<p>Los dos elementos fueron asesinados el pasado s\u00e1bado en San Pedro Tapanatepec, en la zona oriente del Istmo, mientras resguardaban una empresa privada en la que prestaban sus servicios.<\/p>\n\n\n\n<figure class=\"wp-block-embed is-type-rich is-provider-twitter wp-block-embed-twitter\"><div class=\"wp-block-embed__wrapper\">\n<div class=\"twitter-tweet\"><blockquote class=\"twitter-tweet\" data-lang=\"es\"><p lang=\"es\" dir=\"ltr\">Con honor despedimos a nuestros compa\u00f1eros Gilberto Valdivieso S\u00e1nchez y Bernardo Blas Pineda quienes dedicaron parte de su vida a esta instituci\u00f3n policial, que en cumplimiento de su deber no faltaron a los principios de Lealtad, Valor y Servicio.\ud83d\udd4a\ufe0f\ud83d\udd4a\ufe0f<a href=\"https:\/\/twitter.com\/hashtag\/PABIC?src=hash&amp;ref_src=twsrc%5Etfw\">#PABIC<\/a><a href=\"https:\/\/twitter.com\/SSP_GobOax?ref_src=twsrc%5Etfw\">@SSP_GobOax<\/a> <a href=\"https:\/\/t.co\/waUzJlEaNY\">pic.twitter.com\/waUzJlEaNY<\/a><\/p>&mdash; PABIC_GobOax (@PABIC_GobOax) <a href=\"https:\/\/twitter.com\/PABIC_GobOax\/status\/1536130053146300419?ref_src=twsrc%5Etfw\">12 de junio de 2022<\/a><\/blockquote><\/div>\n<\/div><\/figure>\n","protected":false},"excerpt":{"rendered":"<p>Redacci\u00f3n\/Zona Roja. Oaxaca de Ju\u00e1rez, Oax., 13 de junio de 2022.- En Juchit\u00e1n de Zaragoza,&hellip;<\/p>\n","protected":false},"author":2,"featured_media":42327,"comment_status":"closed","ping_status":"open","sticky":false,"template":"","format":"standard","meta":{"_lmt_disableupdate":"","_lmt_disable":"","_jetpack_memberships_contains_paid_content":false,"footnotes":""},"categories":[109,47],"tags":[934],"class_list":["post-42326","post","type-post","status-publish","format-standard","has-post-thumbnail","hentry","category-minuto-a-minuto","category-zona-gris","tag-policia-auxiliar-bancaria-pabic"],"jetpack_featured_media_url":"https:\/\/zonaroja.com.mx\/wp-content\/uploads\/2022\/06\/Homenaje-SSPO-a-PABIC-asesinados.jpeg","jetpack_sharing_enabled":true,"_links":{"self":[{"href":"https:\/\/zonaroja.com.mx\/index.php?rest_route=\/wp\/v2\/posts\/42326","targetHints":{"allow":["GET"]}}],"collection":[{"href":"https:\/\/zonaroja.com.mx\/index.php?rest_route=\/wp\/v2\/posts"}],"about":[{"href":"https:\/\/zonaroja.com.mx\/index.php?rest_route=\/wp\/v2\/types\/post"}],"author":[{"embeddable":true,"href":"https:\/\/zonaroja.com.mx\/index.php?rest_route=\/wp\/v2\/users\/2"}],"replies":[{"embeddable":true,"href":"https:\/\/zonaroja.com.mx\/index.php?rest_route=%2Fwp%2Fv2%2Fcomments&post=42326"}],"version-history":[{"count":1,"href":"https:\/\/zonaroja.com.mx\/index.php?rest_route=\/wp\/v2\/posts\/42326\/revisions"}],"predecessor-version":[{"id":42328,"href":"https:\/\/zonaroja.com.mx\/index.php?rest_route=\/wp\/v2\/posts\/42326\/revisions\/42328"}],"wp:featuredmedia":[{"embeddable":true,"href":"https:\/\/zonaroja.com.mx\/index.php?rest_route=\/wp\/v2\/media\/42327"}],"wp:attachment":[{"href":"https:\/\/zonaroja.com.mx\/index.php?rest_route=%2Fwp%2Fv2%2Fmedia&parent=42326"}],"wp:term":[{"taxonomy":"category","embeddable":true,"href":"https:\/\/zonaroja.com.mx\/index.php?rest_route=%2Fwp%2Fv2%2Fcategories&post=42326"},{"taxonomy":"post_tag","embeddable":true,"href":"https:\/\/zonaroja.com.mx\/index.php?rest_route=%2Fwp%2Fv2%2Ftags&post=42326"}],"curies":[{"name":"wp","href":"https:\/\/api.w.org\/{rel}","templated":true}]}}