{"id":42329,"date":"2022-06-13T07:17:26","date_gmt":"2022-06-13T12:17:26","guid":{"rendered":"http:\/\/www.zonaroja.com.mx\/?p=42329"},"modified":"2022-06-13T07:17:28","modified_gmt":"2022-06-13T12:17:28","slug":"casi-se-triplican-casos-de-covid-en-oaxaca-en-una-semana","status":"publish","type":"post","link":"https:\/\/zonaroja.com.mx\/?p=42329","title":{"rendered":"Casi se triplican casos de Covid en Oaxaca, en una semana"},"content":{"rendered":"\n<p>Redacci\u00f3n\/Zona Roja.<\/p>\n\n\n\n<p>Oaxaca de Ju\u00e1rez, Oax., 13 de junio de 2022.- Durante el resumen semanal de la situaci\u00f3n epidemiol\u00f3gica actual de la pandemia por Covid-19, la dependencia Servicios de Salud de Oaxaca (SSO) inform\u00f3 que durante el per\u00edodo comprendido del 5 al 11 de junio, la entidad registr\u00f3 un acumulado de 121 mil 709 casos confirmados del virus SARS-CoV-2.<\/p>\n\n\n\n<p>De los cuales, se\u00f1al\u00f3, 806 se contabilizaron en esta \u00faltima semana, lo que significa que hubo un incremento de 174.1% en comparaci\u00f3n a la semana anterior, en la que se cuantificaron 294 nuevos contagios; el promedio de ocupaci\u00f3n hospitalaria fue de 6.6 %.<\/p>\n\n\n\n<p>La instituci\u00f3n precis\u00f3 que el global de defunciones desde el inicio de la pandemia a la fecha es de 6 mil 207 p\u00e9rdidas de vidas humanas. En tanto, en el per\u00edodo que se informa se notificaron seis lamentables decesos a causa de esta patolog\u00eda respiratoria.<\/p>\n\n\n\n<p>Referente a la distribuci\u00f3n Jurisdiccional del total de contagios, 73 mil 749 corresponden a Valles Centrales, regi\u00f3n con 168 casos activos; el Istmo con 17 mil 565 positivos y 485 casos activos; Tuxtepec con 9 mil 313 positivos y 48 activos; la Costa con 8 mil 475 positivos y 83 casos activos; Mixteca con 8 mil 742 positivos y cuatro casos activos; la Sierra con 3 mil 865 positivos y 14 casos activos.<\/p>\n\n\n\n<p>Puntualiz\u00f3 que es importante no confiarse y seguir implementando las medidas sanitarias vigentes como son: el uso correcto del cubrebocas, el lavado de manos frecuente con agua y jab\u00f3n, mantener la sana distancia, as\u00ed como ventilar los espacios cerrados.<\/p>\n\n\n\n<p>Adem\u00e1s de acudir a vacunarse contra el Covid-19 cuando corresponda y estar pendiente de la informaci\u00f3n que difunda el sector Salud para la aplicaci\u00f3n de las dosis de refuerzo, dijo.<\/p>\n\n\n\n<p>\u201cTenemos que hacer lo que hemos hecho desde hace m\u00e1s de dos a\u00f1os, con la finalidad de que este coronavirus altere lo menos posible nuestra movilidad, econom\u00eda y salud. La responsabilidad es de todas y todos\u201d, concluy\u00f3.<\/p>\n","protected":false},"excerpt":{"rendered":"<p>Redacci\u00f3n\/Zona Roja. Oaxaca de Ju\u00e1rez, Oax., 13 de junio de 2022.- Durante el resumen semanal&hellip;<\/p>\n","protected":false},"author":2,"featured_media":42308,"comment_status":"closed","ping_status":"open","sticky":false,"template":"","format":"standard","meta":{"_lmt_disableupdate":"","_lmt_disable":"","_jetpack_memberships_contains_paid_content":false,"footnotes":""},"categories":[109,47],"tags":[1512],"class_list":["post-42329","post","type-post","status-publish","format-standard","has-post-thumbnail","hentry","category-minuto-a-minuto","category-zona-gris","tag-coronavirus-oaxaca"],"jetpack_featured_media_url":"https:\/\/zonaroja.com.mx\/wp-content\/uploads\/2022\/06\/Gente-sin-cubreboca-covid-coronavirus-Oaxaca.jpg","jetpack_sharing_enabled":true,"_links":{"self":[{"href":"https:\/\/zonaroja.com.mx\/index.php?rest_route=\/wp\/v2\/posts\/42329","targetHints":{"allow":["GET"]}}],"collection":[{"href":"https:\/\/zonaroja.com.mx\/index.php?rest_route=\/wp\/v2\/posts"}],"about":[{"href":"https:\/\/zonaroja.com.mx\/index.php?rest_route=\/wp\/v2\/types\/post"}],"author":[{"embeddable":true,"href":"https:\/\/zonaroja.com.mx\/index.php?rest_route=\/wp\/v2\/users\/2"}],"replies":[{"embeddable":true,"href":"https:\/\/zonaroja.com.mx\/index.php?rest_route=%2Fwp%2Fv2%2Fcomments&post=42329"}],"version-history":[{"count":1,"href":"https:\/\/zonaroja.com.mx\/index.php?rest_route=\/wp\/v2\/posts\/42329\/revisions"}],"predecessor-version":[{"id":42330,"href":"https:\/\/zonaroja.com.mx\/index.php?rest_route=\/wp\/v2\/posts\/42329\/revisions\/42330"}],"wp:featuredmedia":[{"embeddable":true,"href":"https:\/\/zonaroja.com.mx\/index.php?rest_route=\/wp\/v2\/media\/42308"}],"wp:attachment":[{"href":"https:\/\/zonaroja.com.mx\/index.php?rest_route=%2Fwp%2Fv2%2Fmedia&parent=42329"}],"wp:term":[{"taxonomy":"category","embeddable":true,"href":"https:\/\/zonaroja.com.mx\/index.php?rest_route=%2Fwp%2Fv2%2Fcategories&post=42329"},{"taxonomy":"post_tag","embeddable":true,"href":"https:\/\/zonaroja.com.mx\/index.php?rest_route=%2Fwp%2Fv2%2Ftags&post=42329"}],"curies":[{"name":"wp","href":"https:\/\/api.w.org\/{rel}","templated":true}]}}