{"id":42331,"date":"2022-06-13T08:01:28","date_gmt":"2022-06-13T13:01:28","guid":{"rendered":"http:\/\/www.zonaroja.com.mx\/?p=42331"},"modified":"2022-06-13T08:01:30","modified_gmt":"2022-06-13T13:01:30","slug":"de-verdad-se-acabara-la-corrupcion-en-fondos-para-damnificados","status":"publish","type":"post","link":"https:\/\/zonaroja.com.mx\/?p=42331","title":{"rendered":"\u00bfDe verdad se acabar\u00e1 la corrupci\u00f3n en fondos para damnificados?"},"content":{"rendered":"\n<p>Ismael Garc\u00eda M.\/Zona Roja.<\/p>\n\n\n\n<p>Oaxaca de Ju\u00e1rez, Oax., 13 de junio de 2022.- El sexenio que encabeza Alejandro Murat no ha estado exento de desastres naturales, sea por sismos \u2014al menos tres fuertes en cinco a\u00f1os\u2014, por huracanes y tormentas o incendios forestales, en menor medida estos \u00faltimos.<\/p>\n\n\n\n<p>Tampoco de se\u00f1alamientos de corrupci\u00f3n, principalmente en los organismos que manejaron los fondos para reconstrucci\u00f3n, en contubernio con dependencias federales.<\/p>\n\n\n\n<p>Y ahora con \u201cAgatha\u201d, el fantasma del uso indebido de la ayuda para los damnificados por el hurac\u00e1n est\u00e1 m\u00e1s latente que nunca; por lo pronto, lo que se ha visto es negligencia y\/o lentitud institucional para atender a los damnificados de los rincones m\u00e1s apartados de la zona tur\u00edstica.<\/p>\n\n\n\n<p>LOS DESASTRES<\/p>\n\n\n\n<p>Uno de los mayores desastres en la entidad, y posiblemente del mundo, ocurri\u00f3 el 7 de septiembre de 2017, a un a\u00f1o de asumir Alejandro Murat el mandato; fue de magnitud 8.2 y caus\u00f3 graves afectaciones y muchas p\u00e9rdidas de vidas humanas, principalmente en la regi\u00f3n del Istmo.<\/p>\n\n\n\n<p>Otro que se recuerda de enormes proporciones es el del 19 de septiembre tambi\u00e9n de 2017, de magnitud 7.1, de nuevo con saldos funestos.<\/p>\n\n\n\n<p>Uno m\u00e1s fue el 18 de febrero de 2018, de magnitud 7.2, con cuantiosos da\u00f1os principalmente en la llamada Costa chica de Oaxaca, que visit\u00f3 el gobernador Alejandro Murat v\u00eda a\u00e9rea, de noche, y que estuvo a punto de desencadenar otra tragedia, al desplomarse el helic\u00f3ptero en que viajaba con otros funcionarios.<\/p>\n\n\n\n<p>Otro fuerte sismo, de magnitud 7.4 ocurri\u00f3 el 24 de junio de 2020, con saldo devastador tambi\u00e9n en viviendas e infraestructura vial.<\/p>\n\n\n\n<p>De las afectaciones por tormentas, pr\u00e1cticamente todos los a\u00f1os, en cada temporada pluvial, ha habido desastres con p\u00e9rdida de vidas humanas, como ocurri\u00f3 hace cuatro a\u00f1os en la zona de los Ozolotepec.<\/p>\n\n\n\n<p>Pero huracanes en este sexenio, el m\u00e1s funesto es el que ocurri\u00f3 el pasado 7 de junio y del cual hasta ahora no se conocen todas las p\u00e9rdidas.<\/p>\n\n\n\n<p>Se habla de alrededor de 25 mil viviendas con da\u00f1os de todo tipo en 31 municipios, de la Costa y la Sierra Sur; oficialmente hay 11 personas muertas y cinco desaparecidas. Pero a dos semanas del desastre, la recopilaci\u00f3n de datos y la ayuda primaria llega lenta.&nbsp;<\/p>\n\n\n\n<p>Tanto que representantes de comunidades y avecindados a la capital, han tenido que dar conferencias en la ciudad de Oaxaca para exponer la tragedia y pedir ayuda.<\/p>\n\n\n\n<p>\u00bfY EL DINERO?<\/p>\n\n\n\n<p>De las lluvias, cuando exist\u00eda el Fondo Nacional de Desastres (Fonden), el gobierno federal asignaba directamente el recurso financiero y la entrega de materiales lo hac\u00eda la Coordinaci\u00f3n Estatal de Protecci\u00f3n Civil.<\/p>\n\n\n\n<p>Sin embargo, hay m\u00faltiples testimonios de que l\u00e1minas y otro tipo de apoyos para viviendas fueron a dar a otros sitios ajenos al desastre e incluso eran vendidos o rematados al p\u00fablico por particulares.<\/p>\n\n\n\n<p>\u00bfLas ayudas del sismo? Es la hora que persisten no s\u00f3lo fraudes de parte de empresas privadas que prometieron construir viviendas a bajo costo a cientos de pobladores, principalmente del Istmo.<\/p>\n\n\n\n<p>Pero tambi\u00e9n la negligencia estatal y federal en la reconstrucci\u00f3n de casas; apenas hace un mes hubo una en\u00e9sima denuncia en la ciudad de Oaxaca, por parte de un grupo de pobladores de Juchit\u00e1n.<\/p>\n\n\n\n<p>El Instituto Oaxaque\u00f1o Constructor de Infraestructura F\u00edsica Educativa, la Comisi\u00f3n Estatal de la Vivienda, entre otros, han sido se\u00f1alados, junto con sus directivos, de fraudes, de aplicar montos exagerados\u2026 y de enriquecimiento \u00e1gil.<\/p>\n\n\n\n<p>Pero nada ha pasado hasta ahora ni en el gobierno federal, que en la \u00e9poca de sismos encabez\u00f3 Enrique Pe\u00f1a Nieto, ni con Andr\u00e9s Manuel L\u00f3pez Obrador; hay m\u00faltiples denuncias documentadas, pero nadie en la c\u00e1rcel; ning\u00fan funcionario estatal o federal juzgado.&nbsp;<\/p>\n\n\n\n<p>\u00bfTODO IGUAL?<\/p>\n\n\n\n<p>Ahora, con Andr\u00e9s Manuel L\u00f3pez Obrador, que estuvo en Oaxaca del jueves al s\u00e1bado pasado, el gobierno federal ha desplegado a varios integrantes de su gabinete a las zonas siniestradas.<\/p>\n\n\n\n<p>Lo mismo hizo el gobierno de Alejandro Murat, con su esposa Ivette Mor\u00e1n incluida, para atender a los damnificados.<\/p>\n\n\n\n<p>Pero en esta ocasi\u00f3n, con \u201cAgatha\u201d ha ocurrido algo distinto: la Secretar\u00eda de la Defensa Nacional (Sedena) fue designada para ser la responsable de distribuir las ayudas a los damnificados.<\/p>\n\n\n\n<p>Y algo m\u00e1s: el Presidente de M\u00e9xico recibi\u00f3 el pasado jueves una evaluaci\u00f3n y prometi\u00f3 que regresar\u00e1 el pr\u00f3ximo fin de semana, pero ahora con los recursos federales del fondo de desastres \u2014que a\u00fan existe y tiene nueve mil millones de pesos, pero ya no como fideicomiso del Fonden\u2014, para ser entregado a las autoridades municipales.<\/p>\n\n\n\n<p>\u201cEl Fonden era un programa podrido, cada vez que hab\u00eda desgracias, sacaban provecho los altos funcionarios. Ahora aplicamos un censo casa por casa para evaluar los da\u00f1os y ayudar a la gente, de manera directa y sin l\u00edmite de recursos\u201d, dijo L\u00f3pez Obrador la semana pasada.<\/p>\n\n\n\n<p>Este lunes, el ex secretario de Hacienda con AMLO, Carlos M. Urz\u00faa, escribi\u00f3 un art\u00edculo titulado \u201cOaxaca y el Fonden\u201d (<a href=\"https:\/\/www.eluniversal.com.mx\/opinion\/carlos-m-urzua\/oaxaca-y-el-fonden\">https:\/\/www.eluniversal.com.mx\/opinion\/carlos-m-urzua\/oaxaca-y-el-fonden<\/a>).<\/p>\n\n\n\n<p>\u201cDada la magnitud de las p\u00e9rdidas, tampoco es f\u00e1cil conjeturar acerca de los recursos necesarios para concluir con \u00e9xito la citada tarea. Lo que s\u00ed se puede aseverar es que la disponibilidad de todos los recursos necesarios para tal fin no ser\u00e1 inmediata. Se tendr\u00e1n que hacer adecuaciones presupuestarias, con la posible afectaci\u00f3n de otros programas, tanto en las cuentas federales como en las del estado de Oaxaca\u201d, escribi\u00f3.<\/p>\n\n\n\n<p>As\u00ed que la reconstrucci\u00f3n en los municipios afectados por \u201cAgatha\u201d van para largo, la ayuda lenta y nada garantiza que no haya corrupci\u00f3n, pues los fondos ser\u00e1n manejados por las autoridades municipales.<\/p>\n\n\n\n<p>Ser\u00e1n entregado personalmente, ha dicho tambi\u00e9n el mandatario mexicano, pero ni eso ni otros mecanismos acabar\u00e1n con los fraudes, tan latentes en la Cuarta Transformaci\u00f3n. Eso s\u00ed, la tragedia seguir\u00e1 sirviendo para fines electorales, m\u00e1s ahora que se acerca la sucesi\u00f3n presidencial.<\/p>\n","protected":false},"excerpt":{"rendered":"<p>Ismael Garc\u00eda M.\/Zona Roja. Oaxaca de Ju\u00e1rez, Oax., 13 de junio de 2022.- El sexenio&hellip;<\/p>\n","protected":false},"author":2,"featured_media":41735,"comment_status":"closed","ping_status":"open","sticky":false,"template":"","format":"standard","meta":{"_lmt_disableupdate":"","_lmt_disable":"","_jetpack_memberships_contains_paid_content":false,"footnotes":""},"categories":[456,109,48],"tags":[1353],"class_list":["post-42331","post","type-post","status-publish","format-standard","has-post-thumbnail","hentry","category-columna","category-minuto-a-minuto","category-zona-critica","tag-opinion-zona-critica"],"jetpack_featured_media_url":"https:\/\/zonaroja.com.mx\/wp-content\/uploads\/2022\/05\/Opinion-Ismael-Garcia-M.jpg","jetpack_sharing_enabled":true,"_links":{"self":[{"href":"https:\/\/zonaroja.com.mx\/index.php?rest_route=\/wp\/v2\/posts\/42331","targetHints":{"allow":["GET"]}}],"collection":[{"href":"https:\/\/zonaroja.com.mx\/index.php?rest_route=\/wp\/v2\/posts"}],"about":[{"href":"https:\/\/zonaroja.com.mx\/index.php?rest_route=\/wp\/v2\/types\/post"}],"author":[{"embeddable":true,"href":"https:\/\/zonaroja.com.mx\/index.php?rest_route=\/wp\/v2\/users\/2"}],"replies":[{"embeddable":true,"href":"https:\/\/zonaroja.com.mx\/index.php?rest_route=%2Fwp%2Fv2%2Fcomments&post=42331"}],"version-history":[{"count":1,"href":"https:\/\/zonaroja.com.mx\/index.php?rest_route=\/wp\/v2\/posts\/42331\/revisions"}],"predecessor-version":[{"id":42332,"href":"https:\/\/zonaroja.com.mx\/index.php?rest_route=\/wp\/v2\/posts\/42331\/revisions\/42332"}],"wp:featuredmedia":[{"embeddable":true,"href":"https:\/\/zonaroja.com.mx\/index.php?rest_route=\/wp\/v2\/media\/41735"}],"wp:attachment":[{"href":"https:\/\/zonaroja.com.mx\/index.php?rest_route=%2Fwp%2Fv2%2Fmedia&parent=42331"}],"wp:term":[{"taxonomy":"category","embeddable":true,"href":"https:\/\/zonaroja.com.mx\/index.php?rest_route=%2Fwp%2Fv2%2Fcategories&post=42331"},{"taxonomy":"post_tag","embeddable":true,"href":"https:\/\/zonaroja.com.mx\/index.php?rest_route=%2Fwp%2Fv2%2Ftags&post=42331"}],"curies":[{"name":"wp","href":"https:\/\/api.w.org\/{rel}","templated":true}]}}