{"id":42333,"date":"2022-06-13T12:04:00","date_gmt":"2022-06-13T17:04:00","guid":{"rendered":"http:\/\/www.zonaroja.com.mx\/?p=42333"},"modified":"2022-06-13T08:09:39","modified_gmt":"2022-06-13T13:09:39","slug":"asegura-gobierno-que-oaxaca-registra-crecimiento-anual-del-8-7-en-actividad-industrial","status":"publish","type":"post","link":"https:\/\/zonaroja.com.mx\/?p=42333","title":{"rendered":"Asegura gobierno que Oaxaca registra crecimiento anual del 8.7% en actividad industrial"},"content":{"rendered":"\n<p>Redacci\u00f3n\/Zona Roja.<\/p>\n\n\n\n<p>Oaxaca de Ju\u00e1rez, Oax. 13 de junio de 2022.- El Indicador Mensual de la Actividad Industrial por Entidad Federativa (IMAIEF) registr\u00f3 en Oaxaca un aumento del 8.7% a tasa anual, con lo que la entidad se coloca como la cuarta con mejor desempe\u00f1o a nivel nacional.<\/p>\n\n\n\n<p>De acuerdo a la informaci\u00f3n del INEGI, las entidades que registraron los crecimientos m\u00e1s significativos en t\u00e9rminos reales en su producci\u00f3n industrial, fueron Morelos con 19.4%, Hidalgo con 14.0%, Nuevo Le\u00f3n con 9.9%, Oaxaca con 8.7%, Sonora con 7.7% y Coahuila con el 7.2%, destacando la entidad oaxaque\u00f1a como la \u00fanica de la regi\u00f3n sur-sureste en el top cinco de este indicador.<\/p>\n\n\n\n<p>El Indicador Mensual de la Actividad Industrial por Entidad Federativa (IMAIEF) ampl\u00eda la oferta de informaci\u00f3n estad\u00edstica de corto plazo a nivel estatal y da seguimiento al comportamiento de las actividades econ\u00f3micas del sector secundario en los estados.<\/p>\n\n\n\n<p>Cabe destacar que la tendencia de crecimiento econ\u00f3mico de la entidad se fortalece con una mayor productividad de la cual dan cuenta indicadores como el IMAIEF y la disminuci\u00f3n de la deuda p\u00fablica estatal como proporci\u00f3n del PIB reportada esta semana por el Instituto Mexicano para la Competitividad.<\/p>\n\n\n\n<p>(Comunicado)<\/p>\n","protected":false},"excerpt":{"rendered":"<p>Redacci\u00f3n\/Zona Roja. Oaxaca de Ju\u00e1rez, Oax. 13 de junio de 2022.- El Indicador Mensual de&hellip;<\/p>\n","protected":false},"author":2,"featured_media":30821,"comment_status":"closed","ping_status":"open","sticky":false,"template":"","format":"standard","meta":{"_lmt_disableupdate":"","_lmt_disable":"","_jetpack_memberships_contains_paid_content":false,"footnotes":""},"categories":[109,46],"tags":[274],"class_list":["post-42333","post","type-post","status-publish","format-standard","has-post-thumbnail","hentry","category-minuto-a-minuto","category-zona-blanca","tag-gobierno-de-oaxaca"],"jetpack_featured_media_url":"https:\/\/zonaroja.com.mx\/wp-content\/uploads\/2021\/08\/Inversion-crecimiento-Oaxaca.jpg","jetpack_sharing_enabled":true,"_links":{"self":[{"href":"https:\/\/zonaroja.com.mx\/index.php?rest_route=\/wp\/v2\/posts\/42333","targetHints":{"allow":["GET"]}}],"collection":[{"href":"https:\/\/zonaroja.com.mx\/index.php?rest_route=\/wp\/v2\/posts"}],"about":[{"href":"https:\/\/zonaroja.com.mx\/index.php?rest_route=\/wp\/v2\/types\/post"}],"author":[{"embeddable":true,"href":"https:\/\/zonaroja.com.mx\/index.php?rest_route=\/wp\/v2\/users\/2"}],"replies":[{"embeddable":true,"href":"https:\/\/zonaroja.com.mx\/index.php?rest_route=%2Fwp%2Fv2%2Fcomments&post=42333"}],"version-history":[{"count":1,"href":"https:\/\/zonaroja.com.mx\/index.php?rest_route=\/wp\/v2\/posts\/42333\/revisions"}],"predecessor-version":[{"id":42334,"href":"https:\/\/zonaroja.com.mx\/index.php?rest_route=\/wp\/v2\/posts\/42333\/revisions\/42334"}],"wp:featuredmedia":[{"embeddable":true,"href":"https:\/\/zonaroja.com.mx\/index.php?rest_route=\/wp\/v2\/media\/30821"}],"wp:attachment":[{"href":"https:\/\/zonaroja.com.mx\/index.php?rest_route=%2Fwp%2Fv2%2Fmedia&parent=42333"}],"wp:term":[{"taxonomy":"category","embeddable":true,"href":"https:\/\/zonaroja.com.mx\/index.php?rest_route=%2Fwp%2Fv2%2Fcategories&post=42333"},{"taxonomy":"post_tag","embeddable":true,"href":"https:\/\/zonaroja.com.mx\/index.php?rest_route=%2Fwp%2Fv2%2Ftags&post=42333"}],"curies":[{"name":"wp","href":"https:\/\/api.w.org\/{rel}","templated":true}]}}