{"id":42336,"date":"2022-06-13T13:56:26","date_gmt":"2022-06-13T18:56:26","guid":{"rendered":"https:\/\/www.zonaroja.com.mx\/?p=42336"},"modified":"2022-06-13T15:07:10","modified_gmt":"2022-06-13T20:07:10","slug":"me-declaro-listo-para-empezar-trabajar-por-oaxaca-jara-cruz","status":"publish","type":"post","link":"https:\/\/zonaroja.com.mx\/?p=42336","title":{"rendered":"\u201cMe declaro listo para empezar  trabajar por Oaxaca\u201d: Jara Cruz"},"content":{"rendered":"\n<p>Yuridiana Sosa\/Zona Roja.<\/p>\n\n\n\n<p>Oaxaca de Ju\u00e1rez, Oax., 13 de junio de 2022.- Salom\u00f3n Jara Cruz recibi\u00f3&nbsp;este lunes&nbsp;su constancia de mayor\u00eda que lo reconoce oficialmente como el gobernador electo de Oaxaca, tras el proceso electoral del pasado 5 de junio, acto en el que reafirm\u00f3 sus compromisos para la construcci\u00f3n de la transformaci\u00f3n de Oaxaca.&nbsp;<\/p>\n\n\n\n<p>\u201cMe declaro listo para empezar a trabajar y convertir en realidad nuestro sue\u00f1o de construir un mejor ma\u00f1ana para todas y todos los oaxaque\u00f1os\u201d, declar\u00f3 durante el acto protocolario realizado en la sede del Instituto Estatal Electoral y de Participaci\u00f3n Ciudadana de Oaxaca y en la que estuvieron presentantes los dirigentes de los partidos de la colaci\u00f3n Morena-PVEM-PUP-PT y su familia.&nbsp;<\/p>\n\n\n\n<p>En su mensaje, el gobernador electo resalt\u00f3 la importante labor del IEEPCO en este proceso electoral, pero principalmente reconoci\u00f3 el respaldo de la poblaci\u00f3n, el cual representa la base del fortalecimiento de lo que llama \u201cla primavera oaxaque\u00f1a\u201d.<\/p>\n\n\n\n<p>La obtenci\u00f3n del 60 por ciento de los votos, y una ventaja de 35 puntos sobre el segundo lugar, apunt\u00f3 que representa un resultado hist\u00f3rico, sin precedente, que representa un compromiso que \u201cno pienso deshonrar\u201d, dijo.&nbsp;<\/p>\n\n\n\n<p>Los resultados de la jornada del pasado 5 de junio, agreg\u00f3, son la muestra de que el pueblo le dio la espalda a quienes se oponen a la transformaci\u00f3n de Oaxaca, as\u00ed como para el proyecto ganador representa el respaldo de la construcci\u00f3n de un gobierno del pueblo y para el pueblo.\u00a0<\/p>\n\n\n\n<figure class=\"wp-block-embed is-type-rich is-provider-twitter wp-block-embed-twitter\"><div class=\"wp-block-embed__wrapper\">\n<div class=\"twitter-tweet\"><blockquote class=\"twitter-tweet\" data-lang=\"es\"><p lang=\"es\" dir=\"ltr\">3. En su mensaje, el gobernador electo, <a href=\"https:\/\/twitter.com\/salomonj?ref_src=twsrc%5Etfw\">@salomonj<\/a>, tambi\u00e9n agradeci\u00f3 a militantes y ciudadan\u00eda, as\u00ed como al <a href=\"https:\/\/twitter.com\/IEEPCO?ref_src=twsrc%5Etfw\">@IEEPCO<\/a>, por la labor que realizaron para garantizar la democracia, en una jornada electoral pac\u00edfica. <a href=\"https:\/\/t.co\/m3ndRjOhaE\">pic.twitter.com\/m3ndRjOhaE<\/a><\/p>&mdash; Zona Roja Oaxaca (@ZonaRoja_Oaxaca) <a href=\"https:\/\/twitter.com\/ZonaRoja_Oaxaca\/status\/1536402688572674048?ref_src=twsrc%5Etfw\">13 de junio de 2022<\/a><\/blockquote><\/div>\n<\/div><\/figure>\n\n\n\n<p>En ese sentido, el proyecto que representa se asumir\u00e1 como \u201cun gobierno que siente las bases para revertir la hist\u00f3rica injusticia y desigualdad que nos heredan los malos gobiernos, que ponga por delante y atienda las prioridades de los m\u00e1s pobres de Oaxaca\u201d.<\/p>\n\n\n\n<p>NUEVA GIRA&nbsp;<\/p>\n\n\n\n<p>Salom\u00f3n Jara Cruz anunci\u00f3 que iniciar\u00e1 una gira, una vez m\u00e1s, por&nbsp;las ocho&nbsp;regiones y los 570 municipios de Oaxaca, como fue su compromiso.&nbsp;<\/p>\n\n\n\n<p>Agreg\u00f3 que su gobierno ser\u00e1 de territorio y no de escritorio, para atender con claridad los problemas, como se hace desde el proyecto de la cuarta transformaci\u00f3n.<\/p>\n\n\n\n<p>\u201cConvocaremos siempre a la unidad y al trabajo en equipo, pero no a una unidad pragm\u00e1tica, sino una unidad de principios, porque las personas son nada, los principios lo son todo\u201d, expres\u00f3 al cerrar su mensaje.<\/p>\n\n\n\n<p>Al exterior de las instalaciones del IEEPCO un n\u00famero grupo de simpatizantes de partidos y organizaciones vitorearon el resultado electoral, reconocido oficialmente con la constancia de mayor\u00eda. <\/p>\n","protected":false},"excerpt":{"rendered":"<p>Yuridiana Sosa\/Zona Roja. Oaxaca de Ju\u00e1rez, Oax., 13 de junio de 2022.- Salom\u00f3n Jara Cruz&hellip;<\/p>\n","protected":false},"author":2,"featured_media":42335,"comment_status":"closed","ping_status":"open","sticky":false,"template":"","format":"standard","meta":{"_lmt_disableupdate":"","_lmt_disable":"","_jetpack_memberships_contains_paid_content":false,"footnotes":""},"categories":[109,46],"tags":[2932],"class_list":["post-42336","post","type-post","status-publish","format-standard","has-post-thumbnail","hentry","category-minuto-a-minuto","category-zona-blanca","tag-instituto-estatal-electoral-y-de-participacion-ciudadana-de-oaxaca-ieepco"],"jetpack_featured_media_url":"https:\/\/zonaroja.com.mx\/wp-content\/uploads\/2022\/06\/img_0134.jpg","jetpack_sharing_enabled":true,"_links":{"self":[{"href":"https:\/\/zonaroja.com.mx\/index.php?rest_route=\/wp\/v2\/posts\/42336","targetHints":{"allow":["GET"]}}],"collection":[{"href":"https:\/\/zonaroja.com.mx\/index.php?rest_route=\/wp\/v2\/posts"}],"about":[{"href":"https:\/\/zonaroja.com.mx\/index.php?rest_route=\/wp\/v2\/types\/post"}],"author":[{"embeddable":true,"href":"https:\/\/zonaroja.com.mx\/index.php?rest_route=\/wp\/v2\/users\/2"}],"replies":[{"embeddable":true,"href":"https:\/\/zonaroja.com.mx\/index.php?rest_route=%2Fwp%2Fv2%2Fcomments&post=42336"}],"version-history":[{"count":2,"href":"https:\/\/zonaroja.com.mx\/index.php?rest_route=\/wp\/v2\/posts\/42336\/revisions"}],"predecessor-version":[{"id":42338,"href":"https:\/\/zonaroja.com.mx\/index.php?rest_route=\/wp\/v2\/posts\/42336\/revisions\/42338"}],"wp:featuredmedia":[{"embeddable":true,"href":"https:\/\/zonaroja.com.mx\/index.php?rest_route=\/wp\/v2\/media\/42335"}],"wp:attachment":[{"href":"https:\/\/zonaroja.com.mx\/index.php?rest_route=%2Fwp%2Fv2%2Fmedia&parent=42336"}],"wp:term":[{"taxonomy":"category","embeddable":true,"href":"https:\/\/zonaroja.com.mx\/index.php?rest_route=%2Fwp%2Fv2%2Fcategories&post=42336"},{"taxonomy":"post_tag","embeddable":true,"href":"https:\/\/zonaroja.com.mx\/index.php?rest_route=%2Fwp%2Fv2%2Ftags&post=42336"}],"curies":[{"name":"wp","href":"https:\/\/api.w.org\/{rel}","templated":true}]}}