{"id":4234,"date":"2019-09-24T09:02:56","date_gmt":"2019-09-24T14:02:56","guid":{"rendered":"http:\/\/www.zonaroja.com.mx\/?p=4234"},"modified":"2019-09-24T09:02:58","modified_gmt":"2019-09-24T14:02:58","slug":"dos-meses-y-medio-despues-fiscalia-aplica-plan-de-busqueda-en-san-felipe-guila","status":"publish","type":"post","link":"https:\/\/zonaroja.com.mx\/?p=4234","title":{"rendered":"Dos meses y medio despu\u00e9s, Fiscal\u00eda aplica Plan de B\u00fasqueda en San Felipe G\u00fcil\u00e1"},"content":{"rendered":"\n<p>Redacci\u00f3n\/Zona\nRoja.<\/p>\n\n\n\n<p>Oaxaca de\nJu\u00e1rez, Oax., 24 de septiembre de 2019.- Dos meses y medio despu\u00e9s y tras\ndiversas quejas y denuncias por parte de familiares, la Fiscal\u00eda General del\nEstado aplic\u00f3 un Plan de B\u00fasqueda de tres personas en Rancho San Felipe G\u00fcil\u00e1,\nSantiago Matatl\u00e1n, sin \u00e9xito alguno.<\/p>\n\n\n\n<p>Seg\u00fan la Carpeta\nde Investigaci\u00f3n 23181\/FEDH\/FDPE\/2019, el 6 de julio de 2019, tres personas\ndesaparecieron presuntamente en dicha localidad de los Valles Centrales, tras\nacudir a comprar mezcal artesanal; desde entonces se desconoce su paradero.<\/p>\n\n\n\n<p>Se trata de M\u00f3nica\nGuzm\u00e1n Soriano, Jos\u00e9 Luis Cruz y Everardo Ruiz Cruz, seg\u00fan dieron a conocer en\nsu momento los familiares.<\/p>\n\n\n\n<p>A pesar de\nque los hechos ocurrieron hace dos meses y medio, la instituci\u00f3n asegur\u00f3 que la\nb\u00fasqueda se hizo con celeridad:<\/p>\n\n\n\n<p>\u201cA trav\u00e9s de\nla Vicefiscal\u00eda General de Atenci\u00f3n a V\u00edctimas y a la Sociedad, en colaboraci\u00f3n\ncon la Guardia Nacional, Secretar\u00eda de la Defensa Nacional, Polic\u00eda Estatal,\nPolic\u00eda Federal, integrantes del Heroico Cuerpo de Bomberos y personal de la\nComisi\u00f3n Nacional de los Derechos Humanos, ejecutaron este lunes el plan de\nb\u00fasqueda a la brevedad posible en diversos puntos y parajes de la comunidad. <\/p>\n\n\n\n<p>\u201cLuego de\nllevarse a cabo la b\u00fasqueda, hasta el momento no se ha logrado localizar a las\npersonas referidas\u201d.<\/p>\n\n\n\n<p>Abund\u00f3 que \u201cdesde\nque conoci\u00f3 los hechos, la instituci\u00f3n de procuraci\u00f3n inici\u00f3 las\ninvestigaciones correspondientes bajo el Protocolo Homologado de Desaparici\u00f3n\nForzada, Desaparici\u00f3n Forzada Cometida por Particulares, a fin de localizar a\nlas personas desaparecidas\u201d.<\/p>\n\n\n\n<p>No obstante,\nlos familiares han efectuado diversas conferencias de prensa y denuncias\np\u00fablicas para se\u00f1alar la nula acci\u00f3n de la autoridad ministerial, hasta ayer.<\/p>\n","protected":false},"excerpt":{"rendered":"<p>Redacci\u00f3n\/Zona Roja. Oaxaca de Ju\u00e1rez, Oax., 24 de septiembre de 2019.- Dos meses y medio&hellip;<\/p>\n","protected":false},"author":2,"featured_media":4235,"comment_status":"closed","ping_status":"open","sticky":false,"template":"","format":"standard","meta":{"_lmt_disableupdate":"","_lmt_disable":"","_jetpack_memberships_contains_paid_content":false,"footnotes":""},"categories":[109,47],"tags":[494,320],"class_list":["post-4234","post","type-post","status-publish","format-standard","has-post-thumbnail","hentry","category-minuto-a-minuto","category-zona-gris","tag-fiscalia-general-del-estado-de-oaxaca","tag-tres-jovenes-desaparecidos-rancho-san-felipe-guila-matatlan"],"jetpack_featured_media_url":"https:\/\/zonaroja.com.mx\/wp-content\/uploads\/2019\/09\/2.jpg","jetpack_sharing_enabled":true,"_links":{"self":[{"href":"https:\/\/zonaroja.com.mx\/index.php?rest_route=\/wp\/v2\/posts\/4234","targetHints":{"allow":["GET"]}}],"collection":[{"href":"https:\/\/zonaroja.com.mx\/index.php?rest_route=\/wp\/v2\/posts"}],"about":[{"href":"https:\/\/zonaroja.com.mx\/index.php?rest_route=\/wp\/v2\/types\/post"}],"author":[{"embeddable":true,"href":"https:\/\/zonaroja.com.mx\/index.php?rest_route=\/wp\/v2\/users\/2"}],"replies":[{"embeddable":true,"href":"https:\/\/zonaroja.com.mx\/index.php?rest_route=%2Fwp%2Fv2%2Fcomments&post=4234"}],"version-history":[{"count":1,"href":"https:\/\/zonaroja.com.mx\/index.php?rest_route=\/wp\/v2\/posts\/4234\/revisions"}],"predecessor-version":[{"id":4236,"href":"https:\/\/zonaroja.com.mx\/index.php?rest_route=\/wp\/v2\/posts\/4234\/revisions\/4236"}],"wp:featuredmedia":[{"embeddable":true,"href":"https:\/\/zonaroja.com.mx\/index.php?rest_route=\/wp\/v2\/media\/4235"}],"wp:attachment":[{"href":"https:\/\/zonaroja.com.mx\/index.php?rest_route=%2Fwp%2Fv2%2Fmedia&parent=4234"}],"wp:term":[{"taxonomy":"category","embeddable":true,"href":"https:\/\/zonaroja.com.mx\/index.php?rest_route=%2Fwp%2Fv2%2Fcategories&post=4234"},{"taxonomy":"post_tag","embeddable":true,"href":"https:\/\/zonaroja.com.mx\/index.php?rest_route=%2Fwp%2Fv2%2Ftags&post=4234"}],"curies":[{"name":"wp","href":"https:\/\/api.w.org\/{rel}","templated":true}]}}