{"id":42353,"date":"2022-06-13T22:08:49","date_gmt":"2022-06-14T03:08:49","guid":{"rendered":"http:\/\/www.zonaroja.com.mx\/?p=42353"},"modified":"2022-06-13T22:18:20","modified_gmt":"2022-06-14T03:18:20","slug":"cronica-si-no-nos-dejan-entrar-no-dejamos-pasar-al-consejero","status":"publish","type":"post","link":"https:\/\/zonaroja.com.mx\/?p=42353","title":{"rendered":"Cr\u00f3nica. \u00a1Si no nos dejan entrar no dejamos pasar al consejero!"},"content":{"rendered":"\n<p>Ismael Garc\u00eda M.\/Zona Roja.<\/p>\n\n\n\n<p>Oaxaca de Ju\u00e1rez, Oax., 13 de junio de 2022.- Y ah\u00ed estaban empujando la valla, gritando, pataleando, haciendo berrinches, para entrar a la sede del IEEPCO y acompa\u00f1ar a su gobernador electo.&nbsp;<\/p>\n\n\n\n<p>Pero eran ediles y ex ediles morenistas los que pon\u00edan el desorden, no las decenas de militantes petistas y guindas que acudieron a presenciar la entrega de la constancia de mayor\u00eda a Salom\u00f3n Jara Cruz.<\/p>\n\n\n\n<p>\u201c\u00a1Si no nos dejan entrar no dejamos pasar al consejero!\u201d, los amagos de los \u201cfif\u00eds\u201d, con sus mejores galas, entre ellos Saymi Pineda, que abandon\u00f3 a los pochutlecos en desgracia, para acudir al besamanos. Los damnificados, que esperen.<\/p>\n\n\n\n<p>Y ah\u00ed estaba Alejandro L\u00f3pez Jarqu\u00edn, ex perredista, que tambi\u00e9n lleg\u00f3 a destiempo, y quer\u00eda ingresar al reducido espacio donde se celebr\u00f3 la actividad, sin importar su car\u00e1cter de perdedor en la elecci\u00f3n municipal de Xoxocotl\u00e1n.<\/p>\n\n\n\n<p>\u201c\u00bfVan a salir? Bueno, bueno, ap\u00farense, los acompa\u00f1o, para que puedan entrar otros, \u00a1porque no cabemos todos!\u201d.<\/p>\n\n\n\n<p>Las palabras no eran de una trabajadora del instituto electoral, sino de Laura Estrada Mauro, presidenta de la Junta de Coordinaci\u00f3n Pol\u00edtica del Congreso del Estado, en funciones de guardia de seguridad.<\/p>\n\n\n\n<p>Adentro, desde las 10:30 se comenz\u00f3 a llenar el sal\u00f3n de sesiones del Consejo General de IEEPCO.<\/p>\n\n\n\n<p>M\u00e1s que puntuales, el edil de Santa Luc\u00eda del Camino, Juan Carlos M\u00e1rquez Garc\u00eda, sin armar tanto barullo. Temprano tambi\u00e9n lleg\u00f3 uno de los virtuales vicegobernadores, No\u00e9 Jara, con su madre, con atuendo istme\u00f1o.<\/p>\n\n\n\n<p>Puntual tambi\u00e9n el abogado Geovany V\u00e1squez Sagrero, art\u00edfice de la contienda electoral y jur\u00eddica de Morena, principal organizador del acto.&nbsp;<\/p>\n\n\n\n<p>Afuera, m\u00fasica veracruzana de jarana, con bailarina en entarimado incluido, desde las 10:00 horas; ausente la m\u00fasica betaze\u00f1a, de la tierra del gobernador electo. Porras, varias porras, con batucada incluida.<\/p>\n\n\n\n<p>Minutos antes de las 11:00 arrib\u00f3 Salom\u00f3n Jara. Los gritos no se hicieron esperar: \u00a1Gobernador! \u00a1Gobernador! \u00a1Gobernador! Su familia, esposa e hijos, presentes.<\/p>\n\n\n\n<p>Y no faltaron los otros cuasi vicegobernadores y guaruras de siempre: Amador Jara Cruz y Nino Morales, controvertido ex edil istme\u00f1o.<\/p>\n\n\n\n<p>Con puntualidad el acto, presidido por la consejera presidenta Elizabeth S\u00e1nchez Gonz\u00e1lez. Tres mensajes y la foto del recuerdo, en la que los primeros en aparecer eran ediles con complicaciones en sus municipios.<\/p>\n\n\n\n<p>En primera fila, Emilio Montero P\u00e9rez, juchiteco cuya tierra est\u00e1 en manos del crimen organizado; Vilma Mart\u00ednez Cort\u00e9s, tehuantepecana con traje istme\u00f1o que continuamente abandona sus responsabilidades municipales; el de Pinotepa, Antonio Marbel Jim\u00e9nez, que poco le import\u00f3 seis cr\u00edmenes en tres d\u00edas.<\/p>\n\n\n\n<p>En menos de una hora termin\u00f3 el acto oficial, vino una apresurada y desorganizada conferencia de prensa, m\u00e1s fotos y m\u00e1s halagos.<\/p>\n\n\n\n<p>Afuera segu\u00edan los empujones. Decenas quer\u00edan ser part\u00edcipes de las loas, pese a que hab\u00eda concluido la actividad.<\/p>\n\n\n\n<p>A la salida, para complacerlo, detr\u00e1s de la valla del IEEPCO, al estilo de Andr\u00e9s Manuel L\u00f3pez Obrador en sus eventos oaxaque\u00f1os, Salom\u00f3n Jara dio un mensaje y aviv\u00f3 a las fuerzas morenitas.<\/p>\n\n\n\n<p>\u00a1Gobernador! \u00a1Gobernador! \u00a1Gobernador!, el grito al nuevo mes\u00edas. Viva el rey, muera el rey.<\/p>\n\n\n\n<p>Es el nuevo estilo de gobernar, la nueva \u201cprimavera oaxaque\u00f1a\u201d, aunque los transformadores de cuarta sean los mismos priistas y perredistas de siempre, con las pr\u00e1cticas pol\u00edticas comunes.<\/p>\n","protected":false},"excerpt":{"rendered":"<p>Ismael Garc\u00eda M.\/Zona Roja. Oaxaca de Ju\u00e1rez, Oax., 13 de junio de 2022.- Y ah\u00ed&hellip;<\/p>\n","protected":false},"author":2,"featured_media":42354,"comment_status":"closed","ping_status":"open","sticky":false,"template":"","format":"standard","meta":{"_lmt_disableupdate":"","_lmt_disable":"","_jetpack_memberships_contains_paid_content":false,"footnotes":""},"categories":[109,47],"tags":[939],"class_list":["post-42353","post","type-post","status-publish","format-standard","has-post-thumbnail","hentry","category-minuto-a-minuto","category-zona-gris","tag-salomon-jara-cruz"],"jetpack_featured_media_url":"https:\/\/zonaroja.com.mx\/wp-content\/uploads\/2022\/06\/Acto-entrega-de-constancia-Salomon-Jara-.jpg","jetpack_sharing_enabled":true,"_links":{"self":[{"href":"https:\/\/zonaroja.com.mx\/index.php?rest_route=\/wp\/v2\/posts\/42353","targetHints":{"allow":["GET"]}}],"collection":[{"href":"https:\/\/zonaroja.com.mx\/index.php?rest_route=\/wp\/v2\/posts"}],"about":[{"href":"https:\/\/zonaroja.com.mx\/index.php?rest_route=\/wp\/v2\/types\/post"}],"author":[{"embeddable":true,"href":"https:\/\/zonaroja.com.mx\/index.php?rest_route=\/wp\/v2\/users\/2"}],"replies":[{"embeddable":true,"href":"https:\/\/zonaroja.com.mx\/index.php?rest_route=%2Fwp%2Fv2%2Fcomments&post=42353"}],"version-history":[{"count":2,"href":"https:\/\/zonaroja.com.mx\/index.php?rest_route=\/wp\/v2\/posts\/42353\/revisions"}],"predecessor-version":[{"id":42357,"href":"https:\/\/zonaroja.com.mx\/index.php?rest_route=\/wp\/v2\/posts\/42353\/revisions\/42357"}],"wp:featuredmedia":[{"embeddable":true,"href":"https:\/\/zonaroja.com.mx\/index.php?rest_route=\/wp\/v2\/media\/42354"}],"wp:attachment":[{"href":"https:\/\/zonaroja.com.mx\/index.php?rest_route=%2Fwp%2Fv2%2Fmedia&parent=42353"}],"wp:term":[{"taxonomy":"category","embeddable":true,"href":"https:\/\/zonaroja.com.mx\/index.php?rest_route=%2Fwp%2Fv2%2Fcategories&post=42353"},{"taxonomy":"post_tag","embeddable":true,"href":"https:\/\/zonaroja.com.mx\/index.php?rest_route=%2Fwp%2Fv2%2Ftags&post=42353"}],"curies":[{"name":"wp","href":"https:\/\/api.w.org\/{rel}","templated":true}]}}