{"id":42358,"date":"2022-06-13T22:26:54","date_gmt":"2022-06-14T03:26:54","guid":{"rendered":"http:\/\/www.zonaroja.com.mx\/?p=42358"},"modified":"2022-06-13T22:26:55","modified_gmt":"2022-06-14T03:26:55","slug":"registra-pinotepa-6-asesinatos-en-48-horas-y-edil-morenista-en-la-capital","status":"publish","type":"post","link":"https:\/\/zonaroja.com.mx\/?p=42358","title":{"rendered":"Registra Pinotepa 6 asesinatos en 48 horas\u2026 y edil morenista en la capital"},"content":{"rendered":"\n<p>Ismael Garc\u00eda M.\/Zona Roja. Foto: CMM Noticias.<\/p>\n\n\n\n<p>Oaxaca de Ju\u00e1rez, Oax., 13 de junii de 2022.- En menos de 48 horas, Santiago Pinotepa Nacional registr\u00f3 seis asesinatos, el m\u00e1s reciente la tarde de este lunes.<\/p>\n\n\n\n<p>Pero su presidente municipal, surgido de Morena, Antonio Marbel Jim\u00e9nez, opt\u00f3 por acudir a la ciudad de Oaxaca para estar presente en el acto en que Salom\u00f3n Jara Cruz recibi\u00f3 su constancia de gobernador electo.<\/p>\n\n\n\n<p>Fue alrededor de las 15:00 horas, en la calle 23 Sur esquina 3 Poniente, de la colonia El Porvenir, en que fue ultimado a balazos un individuo de aproximadamente 23 a\u00f1os de edad, a\u00fan no identificado.<\/p>\n\n\n\n<p>Polic\u00edas municipales no se hallaban cerca y por lo tanto no pudieron perseguir a tiempo al o los presuntos autores del crimen.<\/p>\n\n\n\n<p>Apenas ayer domingo, en dos hechos distintos, uno de ellos en el centro de esa ciudad coste\u00f1a, fueron ultimadas a balazos dos personas.<\/p>\n\n\n\n<p>El s\u00e1bado fueron ejecutados dos varones y una mujer, en la agencia de Collantes. En los seis casos, no hay personas detenidas.<\/p>\n","protected":false},"excerpt":{"rendered":"<p>Ismael Garc\u00eda M.\/Zona Roja. Foto: CMM Noticias. Oaxaca de Ju\u00e1rez, Oax., 13 de junii de&hellip;<\/p>\n","protected":false},"author":2,"featured_media":42359,"comment_status":"closed","ping_status":"open","sticky":false,"template":"","format":"standard","meta":{"_lmt_disableupdate":"","_lmt_disable":"","_jetpack_memberships_contains_paid_content":false,"footnotes":""},"categories":[109,51],"tags":[651],"class_list":["post-42358","post","type-post","status-publish","format-standard","has-post-thumbnail","hentry","category-minuto-a-minuto","category-zona-roja","tag-santiago-pinotepa-nacional"],"jetpack_featured_media_url":"https:\/\/zonaroja.com.mx\/wp-content\/uploads\/2022\/06\/Asesinado-Pinotepa-Nacional-13jun.jpeg","jetpack_sharing_enabled":true,"_links":{"self":[{"href":"https:\/\/zonaroja.com.mx\/index.php?rest_route=\/wp\/v2\/posts\/42358","targetHints":{"allow":["GET"]}}],"collection":[{"href":"https:\/\/zonaroja.com.mx\/index.php?rest_route=\/wp\/v2\/posts"}],"about":[{"href":"https:\/\/zonaroja.com.mx\/index.php?rest_route=\/wp\/v2\/types\/post"}],"author":[{"embeddable":true,"href":"https:\/\/zonaroja.com.mx\/index.php?rest_route=\/wp\/v2\/users\/2"}],"replies":[{"embeddable":true,"href":"https:\/\/zonaroja.com.mx\/index.php?rest_route=%2Fwp%2Fv2%2Fcomments&post=42358"}],"version-history":[{"count":1,"href":"https:\/\/zonaroja.com.mx\/index.php?rest_route=\/wp\/v2\/posts\/42358\/revisions"}],"predecessor-version":[{"id":42360,"href":"https:\/\/zonaroja.com.mx\/index.php?rest_route=\/wp\/v2\/posts\/42358\/revisions\/42360"}],"wp:featuredmedia":[{"embeddable":true,"href":"https:\/\/zonaroja.com.mx\/index.php?rest_route=\/wp\/v2\/media\/42359"}],"wp:attachment":[{"href":"https:\/\/zonaroja.com.mx\/index.php?rest_route=%2Fwp%2Fv2%2Fmedia&parent=42358"}],"wp:term":[{"taxonomy":"category","embeddable":true,"href":"https:\/\/zonaroja.com.mx\/index.php?rest_route=%2Fwp%2Fv2%2Fcategories&post=42358"},{"taxonomy":"post_tag","embeddable":true,"href":"https:\/\/zonaroja.com.mx\/index.php?rest_route=%2Fwp%2Fv2%2Ftags&post=42358"}],"curies":[{"name":"wp","href":"https:\/\/api.w.org\/{rel}","templated":true}]}}