{"id":42361,"date":"2022-06-14T09:39:00","date_gmt":"2022-06-14T14:39:00","guid":{"rendered":"http:\/\/www.zonaroja.com.mx\/?p=42361"},"modified":"2022-06-14T06:43:29","modified_gmt":"2022-06-14T11:43:29","slug":"segun-salomon-jara-no-tiene-bienes-y-solo-vive-de-dieta-en-senado","status":"publish","type":"post","link":"https:\/\/zonaroja.com.mx\/?p=42361","title":{"rendered":"Seg\u00fan Salom\u00f3n Jara, no tiene bienes y s\u00f3lo vive de dieta en Senado"},"content":{"rendered":"\n<p>Yuridiana Sosa\/Zona Roja.<\/p>\n\n\n\n<p>Oaxaca de Ju\u00e1rez, Oax., 14 de junio 2022.- El gobernador electo de Oaxaca, Salom\u00f3n Jara Cruz, omiti\u00f3 realizar su declaraci\u00f3n 3de3 durante el proceso electoral pasado; sin embargo, en la realizada en 2020 como senador, afirm\u00f3 no contar ni con propiedades, veh\u00edculos ni bienes muebles, as\u00ed como solo vivir de sus dietas.<\/p>\n\n\n\n<p>De acuerdo con el sitio Infobae, Jara Cruz es uno de los tres candidatos electos de Morena que oculta su declaraci\u00f3n patrimonial, como ocurre con el de Tamaulipas e Hidalgo, Am\u00e9rico Villarreal Anaya y Julio Menchaca Salazar, respectivamente.<\/p>\n\n\n\n<p>Para el proceso electoral, Jara Cruz evit\u00f3 cumplir con la \u201cIniciativa por la Integridad Tres de Tres\u201d, impulsada por \u00f3rganos electorales locales y organizaciones civiles como Transparencia Mexicana.<\/p>\n\n\n\n<p>La \u00faltima declaraci\u00f3n del pr\u00f3ximo gobernador de Oaxaca es del a\u00f1o 2020, en la que se asume como una persona sin patrimonio.<\/p>\n\n\n\n<p>En el documento de la C\u00e1mara de Senadores, con fecha 30 de septiembre de 2020, con la leyenda \u201cBajo protesta de decir la verdad, presento a usted mi declaraci\u00f3n de situaci\u00f3n patrimonial y de intereses, conforme a lo dispuesto en la Ley General de Responsabilidades Administrativas, la Ley General del Sistema Nacional Anticorrupci\u00f3n la Normatividad Aplicable\u201d, Salom\u00f3n Jara Cruz declar\u00f3 que en bienes inmuebles, veh\u00edculo y bienes muebles cuenta con \u201cninguno\u201d.<\/p>\n\n\n\n<p>Omiti\u00f3 datos de su pareja y de las personas que dependen econ\u00f3micamente.<\/p>\n\n\n\n<p>Sobre \u201cInversiones, cuentas bancarias y otro tipo de valores\/activos\u201d, \u00fanicamente report\u00f3 que tiene dos cuentas bancarias, sin detalles de ellas, ni de d\u00f3nde se localizan las inversiones.<\/p>\n\n\n\n<p>En el informe, donde se incluyeron datos de la Plataforma Nacional de Transparencia, se da cuenta que Jara Cruz tambi\u00e9n declar\u00f3 que no percibe un salario, o el cual es de \u201ccero\u201d pesos, pero s\u00ed percibe como ingreso adicional una dieta por el monto neto de 52 mil 812.56 pesos quincenales, equivalentes a 105 mil 625.12 pesos al mes. Es decir, vive de sus dietas, de su puesto actual como Senador.&nbsp;<\/p>\n","protected":false},"excerpt":{"rendered":"<p>Yuridiana Sosa\/Zona Roja. Oaxaca de Ju\u00e1rez, Oax., 14 de junio 2022.- El gobernador electo de&hellip;<\/p>\n","protected":false},"author":2,"featured_media":42340,"comment_status":"closed","ping_status":"open","sticky":false,"template":"","format":"standard","meta":{"_lmt_disableupdate":"","_lmt_disable":"","_jetpack_memberships_contains_paid_content":false,"footnotes":""},"categories":[109,47],"tags":[939],"class_list":["post-42361","post","type-post","status-publish","format-standard","has-post-thumbnail","hentry","category-minuto-a-minuto","category-zona-gris","tag-salomon-jara-cruz"],"jetpack_featured_media_url":"https:\/\/zonaroja.com.mx\/wp-content\/uploads\/2022\/06\/Salomon-Jara-constancia-de-mayoria.jpg","jetpack_sharing_enabled":true,"_links":{"self":[{"href":"https:\/\/zonaroja.com.mx\/index.php?rest_route=\/wp\/v2\/posts\/42361","targetHints":{"allow":["GET"]}}],"collection":[{"href":"https:\/\/zonaroja.com.mx\/index.php?rest_route=\/wp\/v2\/posts"}],"about":[{"href":"https:\/\/zonaroja.com.mx\/index.php?rest_route=\/wp\/v2\/types\/post"}],"author":[{"embeddable":true,"href":"https:\/\/zonaroja.com.mx\/index.php?rest_route=\/wp\/v2\/users\/2"}],"replies":[{"embeddable":true,"href":"https:\/\/zonaroja.com.mx\/index.php?rest_route=%2Fwp%2Fv2%2Fcomments&post=42361"}],"version-history":[{"count":1,"href":"https:\/\/zonaroja.com.mx\/index.php?rest_route=\/wp\/v2\/posts\/42361\/revisions"}],"predecessor-version":[{"id":42362,"href":"https:\/\/zonaroja.com.mx\/index.php?rest_route=\/wp\/v2\/posts\/42361\/revisions\/42362"}],"wp:featuredmedia":[{"embeddable":true,"href":"https:\/\/zonaroja.com.mx\/index.php?rest_route=\/wp\/v2\/media\/42340"}],"wp:attachment":[{"href":"https:\/\/zonaroja.com.mx\/index.php?rest_route=%2Fwp%2Fv2%2Fmedia&parent=42361"}],"wp:term":[{"taxonomy":"category","embeddable":true,"href":"https:\/\/zonaroja.com.mx\/index.php?rest_route=%2Fwp%2Fv2%2Fcategories&post=42361"},{"taxonomy":"post_tag","embeddable":true,"href":"https:\/\/zonaroja.com.mx\/index.php?rest_route=%2Fwp%2Fv2%2Ftags&post=42361"}],"curies":[{"name":"wp","href":"https:\/\/api.w.org\/{rel}","templated":true}]}}