{"id":42365,"date":"2022-06-14T07:38:45","date_gmt":"2022-06-14T12:38:45","guid":{"rendered":"http:\/\/www.zonaroja.com.mx\/?p=42365"},"modified":"2022-06-14T07:38:47","modified_gmt":"2022-06-14T12:38:47","slug":"enfrentamiento-armado-entre-transportistas-en-oaxaca-capital-deja-dos-heridos","status":"publish","type":"post","link":"https:\/\/zonaroja.com.mx\/?p=42365","title":{"rendered":"Enfrentamiento armado entre transportistas en Oaxaca capital deja dos heridos"},"content":{"rendered":"\n<p>Redacci\u00f3n\/Zona Roja.<\/p>\n\n\n\n<p>Oaxaca de Ju\u00e1rez, Oax., 14 de junio de 2022.- Dos personas lesionadas y dos detenidas es el saldo preliminar de un enfrentamiento armado entre transportistas, ocurrido anoche en la ciudad de Oaxaca.<\/p>\n\n\n\n<p>Fue en el Perif\u00e9rico cruce con la avenida S\u00edmbolos Patrios en que presuntos sicarios a bordo de un taxi de Reyes Mantec\u00f3n, San Bartolo Coyotepec, pretendieron asesinar a Eduardo Luis Villaseca, dirigente de la organizaci\u00f3n Confederaci\u00f3n Joven, escisi\u00f3n de la CATEM.<\/p>\n\n\n\n<p>Asimismo, result\u00f3 lesionado su escolta, a\u00fan no identificado; ambos fueron trasladados a un hospital privado de la colonia Reforma de la ciudad de Oaxaca.<\/p>\n\n\n\n<p>La intervenci\u00f3n de la Polic\u00eda Estatal de Oaxaca deriv\u00f3 en la detenci\u00f3n de dos personas, Orlando C., de 49 a\u00f1os de edad, y Adolfo C. P., de 33 a\u00f1os, y les decomisaron una pistola.<\/p>\n\n\n\n<p>Se trasladaban en un taxi del sitio \u201cFraccionamiento Reyes Mantec\u00f3n\u201d, con n\u00famero econ\u00f3mico 19951.<\/p>\n\n\n\n<p>Uno de los transportistas declar\u00f3 anoche que Eduardo Luis Villaseca baj\u00f3 de su veh\u00edculo cuando fue atacado a balazos, presuntamente para asesinarlo.<\/p>\n\n\n\n<p>\u201cExigimos la detenci\u00f3n de Marcos S\u00e1nchez, porque desde que sali\u00f3 de la c\u00e1rcel se desat\u00f3 una ola de violencia\u201d, declar\u00f3 uno de ellos, al demandar justicia, al responsabilizar tambi\u00e9n a Hip\u00f3lito Rojas, de la Confederaci\u00f3n Internacional de Trabajadores (CIT).<\/p>\n\n\n\n<figure class=\"wp-block-embed is-type-rich is-provider-twitter wp-block-embed-twitter\"><div class=\"wp-block-embed__wrapper\">\n<div class=\"twitter-tweet\"><blockquote class=\"twitter-tweet\" data-lang=\"es\"><p lang=\"es\" dir=\"ltr\"><a href=\"https:\/\/twitter.com\/hashtag\/%C3%9AltimoMinuto?src=hash&amp;ref_src=twsrc%5Etfw\">#\u00daltimoMinuto<\/a><br>Precisan corporaciones policiacas que en los hechos violentos de anoche de la ciudad de <a href=\"https:\/\/twitter.com\/hashtag\/Oaxaca?src=hash&amp;ref_src=twsrc%5Etfw\">#Oaxaca<\/a> entre taxistas, se descarta el fallecimiento de una persona. <br>Hay dos sujetos lesionados de bala, uno de ellos dirigente de la Confederaci\u00f3n Joven, y dos detenidos. <a href=\"https:\/\/t.co\/ZHuf0BgDTT\">https:\/\/t.co\/ZHuf0BgDTT<\/a> <a href=\"https:\/\/t.co\/AOiyVXXqw2\">pic.twitter.com\/AOiyVXXqw2<\/a><\/p>&mdash; Zona Roja Oaxaca (@ZonaRoja_Oaxaca) <a href=\"https:\/\/twitter.com\/ZonaRoja_Oaxaca\/status\/1536681136180678663?ref_src=twsrc%5Etfw\">14 de junio de 2022<\/a><\/blockquote><\/div>\n<\/div><\/figure>\n","protected":false},"excerpt":{"rendered":"<p>Redacci\u00f3n\/Zona Roja. Oaxaca de Ju\u00e1rez, Oax., 14 de junio de 2022.- Dos personas lesionadas y&hellip;<\/p>\n","protected":false},"author":2,"featured_media":42366,"comment_status":"closed","ping_status":"open","sticky":false,"template":"","format":"standard","meta":{"_lmt_disableupdate":"","_lmt_disable":"","_jetpack_memberships_contains_paid_content":false,"footnotes":""},"categories":[109,47],"tags":[],"class_list":["post-42365","post","type-post","status-publish","format-standard","has-post-thumbnail","hentry","category-minuto-a-minuto","category-zona-gris"],"jetpack_featured_media_url":"https:\/\/zonaroja.com.mx\/wp-content\/uploads\/2022\/06\/Enfrentamiento-taxistas-ciudad-de-Oaxaca.jpg","jetpack_sharing_enabled":true,"_links":{"self":[{"href":"https:\/\/zonaroja.com.mx\/index.php?rest_route=\/wp\/v2\/posts\/42365","targetHints":{"allow":["GET"]}}],"collection":[{"href":"https:\/\/zonaroja.com.mx\/index.php?rest_route=\/wp\/v2\/posts"}],"about":[{"href":"https:\/\/zonaroja.com.mx\/index.php?rest_route=\/wp\/v2\/types\/post"}],"author":[{"embeddable":true,"href":"https:\/\/zonaroja.com.mx\/index.php?rest_route=\/wp\/v2\/users\/2"}],"replies":[{"embeddable":true,"href":"https:\/\/zonaroja.com.mx\/index.php?rest_route=%2Fwp%2Fv2%2Fcomments&post=42365"}],"version-history":[{"count":1,"href":"https:\/\/zonaroja.com.mx\/index.php?rest_route=\/wp\/v2\/posts\/42365\/revisions"}],"predecessor-version":[{"id":42367,"href":"https:\/\/zonaroja.com.mx\/index.php?rest_route=\/wp\/v2\/posts\/42365\/revisions\/42367"}],"wp:featuredmedia":[{"embeddable":true,"href":"https:\/\/zonaroja.com.mx\/index.php?rest_route=\/wp\/v2\/media\/42366"}],"wp:attachment":[{"href":"https:\/\/zonaroja.com.mx\/index.php?rest_route=%2Fwp%2Fv2%2Fmedia&parent=42365"}],"wp:term":[{"taxonomy":"category","embeddable":true,"href":"https:\/\/zonaroja.com.mx\/index.php?rest_route=%2Fwp%2Fv2%2Fcategories&post=42365"},{"taxonomy":"post_tag","embeddable":true,"href":"https:\/\/zonaroja.com.mx\/index.php?rest_route=%2Fwp%2Fv2%2Ftags&post=42365"}],"curies":[{"name":"wp","href":"https:\/\/api.w.org\/{rel}","templated":true}]}}