{"id":42368,"date":"2022-06-14T07:45:05","date_gmt":"2022-06-14T12:45:05","guid":{"rendered":"http:\/\/www.zonaroja.com.mx\/?p=42368"},"modified":"2022-06-14T07:45:07","modified_gmt":"2022-06-14T12:45:07","slug":"organiza-el-poder-judicial-de-oaxaca-jornada-juridica","status":"publish","type":"post","link":"https:\/\/zonaroja.com.mx\/?p=42368","title":{"rendered":"Organiza el Poder Judicial de Oaxaca Jornada Jur\u00eddica"},"content":{"rendered":"\n<p>Redacci\u00f3n\/Zona Roja.&nbsp;<\/p>\n\n\n\n<p>Oaxaca de Ju\u00e1rez, Oax., 14 de junio de 2022.- La capacitaci\u00f3n permanente y sistem\u00e1tica de&nbsp;las y&nbsp;los servidores p\u00fablicos del Poder Judicial del Estado es una de las tareas fundamentales en que se sustenta el objetivo de elevar&nbsp;la calidad del servicio que brinda la instituci\u00f3n&nbsp;a la sociedad;&nbsp;por ello,&nbsp;el Consejo de la Judicatura a trav\u00e9s de la Escuela Judicial&nbsp;realizar\u00e1 del&nbsp;mi\u00e9rcoles 15 al viernes&nbsp;17 de junio&nbsp;pr\u00f3ximo&nbsp;la Jornada Jur\u00eddica \u201cEscuela Judicial. Logros y desaf\u00edos\u201d.&nbsp;<\/p>\n\n\n\n<p>Como ponentes participar\u00e1n&nbsp;prestigiosos acad\u00e9micos locales y nacionales, as\u00ed como magistradas&nbsp;y magistrados&nbsp;del Tribunal Superior de Justicia del Estado&nbsp;quienes&nbsp;disertar\u00e1n en torno a la especializaci\u00f3n&nbsp;y profesionalizaci\u00f3n jur\u00eddica.<\/p>\n\n\n\n<p>Entre las actividades a realizarse se encuentran las&nbsp;conferencias magistrales&nbsp;\u201cLa Filosof\u00eda y Epistemolog\u00eda Jur\u00eddica\u201d&nbsp;y \u201cProspectiva de la Docencia Judicial\u201d, as\u00ed como&nbsp;&nbsp;los paneles \u201cAn\u00e1lisis y discusi\u00f3n:&nbsp;Aportes de la investigaci\u00f3n en el Pluralismo Jur\u00eddico\u201d;&nbsp;\u201cLa importancia de la Carrera Judicial en la Impartici\u00f3n de Justicia\u201d;&nbsp;\u201cEscuela Judicial.&nbsp;Logros y desaf\u00edos\u201d&nbsp;y \u201cLa profesionalizaci\u00f3n de la funci\u00f3n judicial\u201d.&nbsp;<\/p>\n\n\n\n<p>Tambi\u00e9n,&nbsp;se presentar\u00e1 la obra jur\u00eddica \u201cJusticia Transicional\u201d, de la autor\u00eda del doctor Mario Ignacio \u00c1lvarez Ledesma, quien actualmente es el coordinador de la maestr\u00eda en Derecho Judicial dise\u00f1ada por el Poder Judicial del Estado, en conjunto con la Universidad de Perugia, Italia y que iniciar\u00e1 el pr\u00f3ximo mes de septiembre.<\/p>\n\n\n\n<p>Las actividades se desarrollar\u00e1n&nbsp;de&nbsp;en distintos horarios y tendr\u00e1n como sede el auditorio del Tribunal Superior de Justicia, ubicado en el edificio J1, segundo nivel, Centro Administrativo \u201cGeneral Porfirio D\u00edaz Soldado de la Patria\u201d, Agencia de Polic\u00eda Municipal Reyes Mantec\u00f3n, San Bartolo Coyotepec Oaxaca y el Auditorio \u201cBenito Ju\u00e1rez\u201d, ubicado en el edificio de los Juzgados Civiles y Familiares&nbsp;del centro,&nbsp;con direcci\u00f3n en divisi\u00f3n oriente 618, Barrio del Ex&nbsp;Marquesado.&nbsp;<\/p>\n\n\n\n<p>Las y los interesados en participar&nbsp;pueden realizar su registro a trav\u00e9s del enlace&nbsp;https:\/\/docs.google.com\/forms\/d\/e\/1FAIpQLSfoLbkEgrhT5lFGJmi063o2zC7N5J48x541EJ6ukcA4_Aaj6g\/viewform&nbsp;o escaneando&nbsp;el c\u00f3digo QR&nbsp;que se encuentra en el cartel publicado en las redes sociales del Tribunal Superior de Justicia, donde tambi\u00e9n se puede consultar el programa completo. Para mayores informes se encuentra disponible el tel\u00e9fono (01) 951 5016680 extensi\u00f3n&nbsp;32022.<\/p>\n","protected":false},"excerpt":{"rendered":"<p>Redacci\u00f3n\/Zona Roja.&nbsp; Oaxaca de Ju\u00e1rez, Oax., 14 de junio de 2022.- La capacitaci\u00f3n permanente y&hellip;<\/p>\n","protected":false},"author":2,"featured_media":14549,"comment_status":"closed","ping_status":"open","sticky":false,"template":"","format":"standard","meta":{"_lmt_disableupdate":"","_lmt_disable":"","_jetpack_memberships_contains_paid_content":false,"footnotes":""},"categories":[109,46],"tags":[223],"class_list":["post-42368","post","type-post","status-publish","format-standard","has-post-thumbnail","hentry","category-minuto-a-minuto","category-zona-blanca","tag-poder-judicial-de-oaxaca"],"jetpack_featured_media_url":"https:\/\/zonaroja.com.mx\/wp-content\/uploads\/2020\/07\/01-TRIBUNAL.jpg","jetpack_sharing_enabled":true,"_links":{"self":[{"href":"https:\/\/zonaroja.com.mx\/index.php?rest_route=\/wp\/v2\/posts\/42368","targetHints":{"allow":["GET"]}}],"collection":[{"href":"https:\/\/zonaroja.com.mx\/index.php?rest_route=\/wp\/v2\/posts"}],"about":[{"href":"https:\/\/zonaroja.com.mx\/index.php?rest_route=\/wp\/v2\/types\/post"}],"author":[{"embeddable":true,"href":"https:\/\/zonaroja.com.mx\/index.php?rest_route=\/wp\/v2\/users\/2"}],"replies":[{"embeddable":true,"href":"https:\/\/zonaroja.com.mx\/index.php?rest_route=%2Fwp%2Fv2%2Fcomments&post=42368"}],"version-history":[{"count":1,"href":"https:\/\/zonaroja.com.mx\/index.php?rest_route=\/wp\/v2\/posts\/42368\/revisions"}],"predecessor-version":[{"id":42369,"href":"https:\/\/zonaroja.com.mx\/index.php?rest_route=\/wp\/v2\/posts\/42368\/revisions\/42369"}],"wp:featuredmedia":[{"embeddable":true,"href":"https:\/\/zonaroja.com.mx\/index.php?rest_route=\/wp\/v2\/media\/14549"}],"wp:attachment":[{"href":"https:\/\/zonaroja.com.mx\/index.php?rest_route=%2Fwp%2Fv2%2Fmedia&parent=42368"}],"wp:term":[{"taxonomy":"category","embeddable":true,"href":"https:\/\/zonaroja.com.mx\/index.php?rest_route=%2Fwp%2Fv2%2Fcategories&post=42368"},{"taxonomy":"post_tag","embeddable":true,"href":"https:\/\/zonaroja.com.mx\/index.php?rest_route=%2Fwp%2Fv2%2Ftags&post=42368"}],"curies":[{"name":"wp","href":"https:\/\/api.w.org\/{rel}","templated":true}]}}