{"id":4237,"date":"2019-09-24T09:25:42","date_gmt":"2019-09-24T14:25:42","guid":{"rendered":"http:\/\/www.zonaroja.com.mx\/?p=4237"},"modified":"2019-09-24T09:26:32","modified_gmt":"2019-09-24T14:26:32","slug":"aborto-clandestino-problema-de-salud-publica-que-debe-ser-atendido-por-el-estado","status":"publish","type":"post","link":"https:\/\/zonaroja.com.mx\/?p=4237","title":{"rendered":"Aborto clandestino, problema de salud p\u00fablica que debe ser atendido por el Estado"},"content":{"rendered":"\n<p>Evlin\nArag\u00f3n\/Zona Roja.<\/p>\n\n\n\n<p>Oaxaca de\nJu\u00e1rez, Oax., 24 de septiembre de 2019.- La principal raz\u00f3n por la que al\ninterior de la Comisi\u00f3n de Procuraci\u00f3n y Administraci\u00f3n de Justicia se aprob\u00f3\nel dictamen para despenalizar el aborto, es debido al problema de salud p\u00fablica\nque existe en Oaxaca por la pr\u00e1ctica de procedimientos clandestinos que se\nrealizan en malas condiciones sanitarias y m\u00e9dicas, afirm\u00f3 la diputada local\npor Morena, Magaly L\u00f3pez Dom\u00ednguez.<\/p>\n\n\n\n<p>En entrevista,\ndio a conocer que de enero del 2018 al 12 de agosto del 2019 se registraron dos\nmil 300 abortos clandestinos en la entidad, de lo cual derivaron 50 muertes\nmaternas de acuerdo a la informaci\u00f3n de la Secretaria de Salud, datos que\navalan que se trata de un problema de salud p\u00fablica que debe ser atendida por\nel Estado.<\/p>\n\n\n\n<p>Por lo\nanterior, dijo es importante que al interior del Congreso local se legisle de\nforma responsable en torno al tema, respetando los principios juaristas, los\nderechos humanos y de las mujeres, independientemente de las creencias\nreligiosas que tienen cabida de forma personal en cada una de las y los\nlegisladores. <\/p>\n\n\n\n<p>\u201cNosotros\ntenemos que respetar y garantizar la decisi\u00f3n de las mujeres de decidir sobre\nsus cuerpos, independientemente de las creencias que podemos expresar mediante\nnuestro derecho a la libertad de expresi\u00f3n\u201d, dijo. <\/p>\n\n\n\n<p>Ante los\nrecientes ataques que han recibido sus compa\u00f1eras bancada, L\u00f3pez Dominguez\npidi\u00f3 respeto para las legisladoras Laura Estrada, Hilda Luis y Roc\u00edo Machuca,\nque de manera personal presentaron iniciativas para la despenalizaci\u00f3n del\naborto, y que m\u00e1s tarde se hizo una sola al interior de la Comisi\u00f3n de\nProcuraci\u00f3n y Administracion de Justicia, ya que asegur\u00f3 \u00fanicamente est\u00e1n\nrealizando su trabajo de promover leyes en favor de la ciudadan\u00eda.<\/p>\n\n\n\n<p>\u201cDebe de\nexistir el respeto, sobre todo en un contexto de extrema violencia hacia las\nmujeres, no comparto que se hagan este tipo de publicaciones de manera\nirresponsable, por lo que insisto en el respeto hacia mis compa\u00f1eras de bancada\nque \u00fanicamente realizan su trabajo\u201d, se\u00f1al\u00f3.<\/p>\n\n\n\n<p>En torno a\nla propuesta de llevar a consulta el tema, como lo han propuesto algunos grupos\nreligiosos, la legisladora morenista asegur\u00f3 que se ha dado voz a todos los\ngrupos y sectores a favor y en contra de despenalizaci\u00f3n del aborto, con lo que\nya se le est\u00e1 dando participaci\u00f3n a la ciudadan\u00eda. <\/p>\n\n\n\n<p>Aclar\u00f3 que\nel dictamen no pretende dejar sin sanci\u00f3n el aborto ya que la despenalizaci\u00f3n\npermitir\u00eda la realizaci\u00f3n del procedimiento antes de las 12 semanas, tal y c\u00f3mo\nest\u00e1 en la Ciudad de M\u00e9xico, por lo que no podr\u00eda considerarse un asesinato ya\nque est\u00e1 cient\u00edficamente comprobado que el gesto a\u00fan no est\u00e1 confirmado. <\/p>\n\n\n\n<p>Posterior a\nlas 12 semanas de gestaci\u00f3n el aborto seguir\u00e1 consider\u00e1ndose un delito, con\nsanciones tres a seis meses de prisi\u00f3n o de 100 a 300 d\u00edas de trabajo\ncomunitario, las cuales incrementan en caso de abortos forzados o mediante la\nviolencia f\u00edsica o moral, con sanciones de tres a seis a\u00f1os para quienes\nincurran en estos delitos. <\/p>\n\n\n\n<p>Finalmente,\ndetall\u00f3 que la decisi\u00f3n est\u00e1 al interior del Congreso local, por lo que\ninsisti\u00f3 en el llamado a las y los diputados para que analicen muy bien la\npropuesta y el sentido de su voto el pr\u00f3ximo mi\u00e9rcoles, el cual conf\u00eda pueda\nservir para reducir la problem\u00e1tica de salud p\u00fablica a la que actualmente se\nenfrentan las mujeres.<\/p>\n","protected":false},"excerpt":{"rendered":"<p>Evlin Arag\u00f3n\/Zona Roja. Oaxaca de Ju\u00e1rez, Oax., 24 de septiembre de 2019.- La principal raz\u00f3n&hellip;<\/p>\n","protected":false},"author":2,"featured_media":4238,"comment_status":"closed","ping_status":"open","sticky":false,"template":"","format":"standard","meta":{"_lmt_disableupdate":"","_lmt_disable":"","_jetpack_memberships_contains_paid_content":false,"footnotes":""},"categories":[109],"tags":[192],"class_list":["post-4237","post","type-post","status-publish","format-standard","has-post-thumbnail","hentry","category-minuto-a-minuto","tag-diputada-magaly-lopez-dominguez"],"jetpack_featured_media_url":"https:\/\/zonaroja.com.mx\/wp-content\/uploads\/2019\/09\/Image-1-16.png","jetpack_sharing_enabled":true,"_links":{"self":[{"href":"https:\/\/zonaroja.com.mx\/index.php?rest_route=\/wp\/v2\/posts\/4237","targetHints":{"allow":["GET"]}}],"collection":[{"href":"https:\/\/zonaroja.com.mx\/index.php?rest_route=\/wp\/v2\/posts"}],"about":[{"href":"https:\/\/zonaroja.com.mx\/index.php?rest_route=\/wp\/v2\/types\/post"}],"author":[{"embeddable":true,"href":"https:\/\/zonaroja.com.mx\/index.php?rest_route=\/wp\/v2\/users\/2"}],"replies":[{"embeddable":true,"href":"https:\/\/zonaroja.com.mx\/index.php?rest_route=%2Fwp%2Fv2%2Fcomments&post=4237"}],"version-history":[{"count":1,"href":"https:\/\/zonaroja.com.mx\/index.php?rest_route=\/wp\/v2\/posts\/4237\/revisions"}],"predecessor-version":[{"id":4239,"href":"https:\/\/zonaroja.com.mx\/index.php?rest_route=\/wp\/v2\/posts\/4237\/revisions\/4239"}],"wp:featuredmedia":[{"embeddable":true,"href":"https:\/\/zonaroja.com.mx\/index.php?rest_route=\/wp\/v2\/media\/4238"}],"wp:attachment":[{"href":"https:\/\/zonaroja.com.mx\/index.php?rest_route=%2Fwp%2Fv2%2Fmedia&parent=4237"}],"wp:term":[{"taxonomy":"category","embeddable":true,"href":"https:\/\/zonaroja.com.mx\/index.php?rest_route=%2Fwp%2Fv2%2Fcategories&post=4237"},{"taxonomy":"post_tag","embeddable":true,"href":"https:\/\/zonaroja.com.mx\/index.php?rest_route=%2Fwp%2Fv2%2Ftags&post=4237"}],"curies":[{"name":"wp","href":"https:\/\/api.w.org\/{rel}","templated":true}]}}