{"id":42370,"date":"2022-06-14T08:12:35","date_gmt":"2022-06-14T13:12:35","guid":{"rendered":"http:\/\/www.zonaroja.com.mx\/?p=42370"},"modified":"2022-06-14T14:43:41","modified_gmt":"2022-06-14T19:43:41","slug":"dos-oaxaquenas-en-a-lista-de-100-mujeres-mas-poderosas-de-mexico","status":"publish","type":"post","link":"https:\/\/zonaroja.com.mx\/?p=42370","title":{"rendered":"Dos oaxaque\u00f1as, en la lista de 100 mujeres m\u00e1s poderosas de M\u00e9xico"},"content":{"rendered":"\n<p>Redacci\u00f3n\/Zona Roja.<\/p>\n\n\n\n<p>Oaxaca de Ju\u00e1rez, Oax., 14 de junio de 2022.- La revista \u201cForbes M\u00e9xico\u201d eligi\u00f3 a dos oaxaque\u00f1as como parte de la lista de las 100 mujeres m\u00e1s poderosas de M\u00e9xico.<\/p>\n\n\n\n<p>Se trata de Mar\u00eda Elena R\u00edos Ortiz, originario de Santo Domingo Tonal\u00e1, v\u00edctima de ataque con \u00e1cido en septiembre de 2019 y libra una lucha medi\u00e1tica y judicial para lograr justicia en contra de sus presuntos agresores, uno de ellos el ex diputado por el PRI, Juan Antonio V. C.<\/p>\n\n\n\n<p>La otra es Eufrosina Cruz Mendoza, originaria de Santa Maria Quiegolani y quien ha ocupado diversos puestos, entre ellos de diputada local y federal, as\u00ed como titular de la Secretar\u00eda de Asuntos Ind\u00edgenas.<\/p>\n\n\n\n<p>\u201cA trav\u00e9s de este ejercicio editorial, en \u2018Forbes M\u00e9xico\u2019 continuaremos contribuyendo a que cada vez m\u00e1s mujeres mexicanas conozcan otras realidades, los retos a los que se han enfrentado personas de su mismo sexo para alcanzar las posiciones que hoy ostentan, los sectores en los que se desempe\u00f1an y sus metas\u201d, refiere la publicaci\u00f3n.&nbsp;<\/p>\n\n\n\n<p>\u201cEsto tiene como objetivo visibilizar a mujeres poderosas para que inspiren a otras y exploten el poder que llevamos dentro las m\u00e1s de 64 millones de mujeres en M\u00e9xico, esto es, m\u00e1s del 50% de la poblaci\u00f3n del pa\u00eds.<\/p>\n\n\n\n<p>\u201cCada vez, un mayor n\u00famero de mujeres ocupa posiciones de liderazgo en las empresas, y tambi\u00e9n se han hecho de un espacio importante en la vida pol\u00edtica del pa\u00eds y en sectores que tradicionalmente hab\u00edan dominado los hombres. No obstante, M\u00e9xico todav\u00eda tiene varias deudas pendientes en temas de inclusi\u00f3n\u201d, expone.<\/p>\n\n\n\n<p>\u201cEn cada una de estas ediciones, en \u2018Forbes M\u00e9xico\u2019 hemos puesto de manifiesto los avances en temas de g\u00e9nero en el pa\u00eds. Hemos dado cuenta de c\u00f3mo las mujeres han ganado cada vez mayores posiciones de liderazgo en las empresas, en la vida pol\u00edtica, c\u00f3mo han incrementado su participaci\u00f3n en la vida econ\u00f3mica y en sectores que tradicionalmente hab\u00edan sido dominados por hombres.&nbsp;<\/p>\n\n\n\n<p>\u201cTambi\u00e9n hemos hecho hincapi\u00e9 en los temas que obstaculizan el desarrollo pleno de las mujeres en el \u00e1mbito social y profesional\u201d, a\u00f1ade la publicaci\u00f3n, que se puede consultar en este sitio:<\/p>\n\n\n\n<figure class=\"wp-block-embed is-type-wp-embed is-provider-forbes-mexico wp-block-embed-forbes-mexico\"><div class=\"wp-block-embed__wrapper\">\n<blockquote class=\"wp-embedded-content\" data-secret=\"wEe6ILfh1F\"><a href=\"https:\/\/www.forbes.com.mx\/100-mujeres-mas-poderosas-de-mexico-10-anos-de-mujeres-poderosas\/\">100 mujeres m\u00e1s poderosas de M\u00e9xico: 10 a\u00f1os de Mujeres Poderosas<\/a><\/blockquote><iframe class=\"wp-embedded-content\" sandbox=\"allow-scripts\" security=\"restricted\" style=\"position: absolute; clip: rect(1px, 1px, 1px, 1px);\" title=\"&#8220;100 mujeres m\u00e1s poderosas de M\u00e9xico: 10 a\u00f1os de Mujeres Poderosas&#8221; &#8212; Forbes M\u00e9xico\" src=\"https:\/\/www.forbes.com.mx\/100-mujeres-mas-poderosas-de-mexico-10-anos-de-mujeres-poderosas\/embed\/#?secret=sgoP3ARqYO#?secret=wEe6ILfh1F\" data-secret=\"wEe6ILfh1F\" width=\"600\" height=\"338\" frameborder=\"0\" marginwidth=\"0\" marginheight=\"0\" scrolling=\"no\"><\/iframe>\n<\/div><\/figure>\n","protected":false},"excerpt":{"rendered":"<p>Redacci\u00f3n\/Zona Roja. Oaxaca de Ju\u00e1rez, Oax., 14 de junio de 2022.- La revista \u201cForbes M\u00e9xico\u201d&hellip;<\/p>\n","protected":false},"author":2,"featured_media":42371,"comment_status":"closed","ping_status":"open","sticky":false,"template":"","format":"standard","meta":{"_lmt_disableupdate":"","_lmt_disable":"","_jetpack_memberships_contains_paid_content":false,"footnotes":""},"categories":[109,46],"tags":[2175,1124],"class_list":["post-42370","post","type-post","status-publish","format-standard","has-post-thumbnail","hentry","category-minuto-a-minuto","category-zona-blanca","tag-eufrosina-cruz-mendoza","tag-maria-elena-rios-ortiz"],"jetpack_featured_media_url":"https:\/\/zonaroja.com.mx\/wp-content\/uploads\/2022\/06\/Eufrosina-Cruz-y-Maria-Elena-Rios-Forbe-Mexico.jpg","jetpack_sharing_enabled":true,"_links":{"self":[{"href":"https:\/\/zonaroja.com.mx\/index.php?rest_route=\/wp\/v2\/posts\/42370","targetHints":{"allow":["GET"]}}],"collection":[{"href":"https:\/\/zonaroja.com.mx\/index.php?rest_route=\/wp\/v2\/posts"}],"about":[{"href":"https:\/\/zonaroja.com.mx\/index.php?rest_route=\/wp\/v2\/types\/post"}],"author":[{"embeddable":true,"href":"https:\/\/zonaroja.com.mx\/index.php?rest_route=\/wp\/v2\/users\/2"}],"replies":[{"embeddable":true,"href":"https:\/\/zonaroja.com.mx\/index.php?rest_route=%2Fwp%2Fv2%2Fcomments&post=42370"}],"version-history":[{"count":2,"href":"https:\/\/zonaroja.com.mx\/index.php?rest_route=\/wp\/v2\/posts\/42370\/revisions"}],"predecessor-version":[{"id":42381,"href":"https:\/\/zonaroja.com.mx\/index.php?rest_route=\/wp\/v2\/posts\/42370\/revisions\/42381"}],"wp:featuredmedia":[{"embeddable":true,"href":"https:\/\/zonaroja.com.mx\/index.php?rest_route=\/wp\/v2\/media\/42371"}],"wp:attachment":[{"href":"https:\/\/zonaroja.com.mx\/index.php?rest_route=%2Fwp%2Fv2%2Fmedia&parent=42370"}],"wp:term":[{"taxonomy":"category","embeddable":true,"href":"https:\/\/zonaroja.com.mx\/index.php?rest_route=%2Fwp%2Fv2%2Fcategories&post=42370"},{"taxonomy":"post_tag","embeddable":true,"href":"https:\/\/zonaroja.com.mx\/index.php?rest_route=%2Fwp%2Fv2%2Ftags&post=42370"}],"curies":[{"name":"wp","href":"https:\/\/api.w.org\/{rel}","templated":true}]}}