{"id":42373,"date":"2022-06-14T08:18:42","date_gmt":"2022-06-14T13:18:42","guid":{"rendered":"http:\/\/www.zonaroja.com.mx\/?p=42373"},"modified":"2022-06-14T08:18:44","modified_gmt":"2022-06-14T13:18:44","slug":"se-tambalea-unidad-en-morena-por-exclusion-de-ricardo-monreal","status":"publish","type":"post","link":"https:\/\/zonaroja.com.mx\/?p=42373","title":{"rendered":"Se tambalea unidad en Morena, por exclusi\u00f3n de Ricardo Monreal"},"content":{"rendered":"\n<p>Redacci\u00f3n\/Zona Roja Cdmx.<\/p>\n\n\n\n<p>Ciudad de M\u00e9xico, 14 de junio de 2022.- El domingo, el partido Morena incurri\u00f3 en actos anticipados de campa\u00f1a, acept\u00f3 el l\u00edder de los senadores de Morena, Ricardo Monreal.<\/p>\n\n\n\n<p>\u201cLos actos anticipados de campa\u00f1a, seg\u00fan el art\u00edculo 456 de la Ley General de Instituciones y Procedimientos Electorales se castigan hasta con la p\u00e9rdida del derecho a registrarse como candidato presidencial.<\/p>\n\n\n\n<p>\u201cDice el \u00f3rgano jurisdiccional, el principio de prohibir los actos de campa\u00f1a anticipados es para garantizar el principio de equidad en la contienda, para evitar que una opci\u00f3n pol\u00edtica dentro de un partido o dentro del r\u00e9gimen de partidos, se beneficie con una ventaja indebida, dado que no hay campa\u00f1as ni hay precampa\u00f1as, pero s\u00ed hay promoci\u00f3n anticipada. Yo vi camiones, espectaculares, letreros, playeras, todo un operativo que nadie puede negar que sean actos anticipados de campa\u00f1a\u201d, explic\u00f3 el senador morenista Ricardo Monreal \u00c1vila.<\/p>\n\n\n\n<p>\u201cEn todo caso, yo no califico eso. Eso en el caso que haya una denuncia, lo califica el INE y luego el Tribunal\u201d, precis\u00f3.<\/p>\n\n\n\n<p>\u2014Pero usted puede denunciar \u2014se le plante\u00f3 en conferencia de prensa.<\/p>\n\n\n\n<p>\u2014No. Yo no. Yo no puedo. Yo no voy a denunciar a nadie. Quiero llevar la fiesta en paz. Son compa\u00f1eros del movimiento y me ver\u00eda muy mal denunciar a un compa\u00f1ero por estas infracciones. Yo no lo voy a hacer, como no estoy haciendo actos previos.<\/p>\n\n\n\n<p>\u2014\u00bfLa oposici\u00f3n s\u00ed puede hacerlo?<\/p>\n\n\n\n<p>\u2014No lo s\u00e9. No quiero dar ideas, pero ese es un asunto de ellos.<\/p>\n\n\n\n<p>Interrogado sobre las posibilidades jur\u00eddicas que tienen los secretarios de Gobernaci\u00f3n, Ad\u00e1n&nbsp; Augusto L\u00f3pez; de Relaciones Extriores, Marcelo Ebrard, y la jefa de Gobierno de la Ciudad de M\u00e9xico, Claudia Sheinbaum, para hacer campa\u00f1as los fines de semana o solicitar que les descuenten el d\u00eda para hacerlo, Ricardo Monreal record\u00f3 que ya existe jurisprudencia que establece que las funciones del servidor p\u00fablico son permanentes.&nbsp;<\/p>\n\n\n\n<p>En conferencia de prensa en el Senado, Ricardo Monreal inform\u00f3 que fue Mario Delgado quien lo excluy\u00f3 de la reuni\u00f3n de unidad de Morena, donde estuvieron todos los gobernadores emanados de Morena y el coordinador de los diputados federales de Morena.&nbsp;<\/p>\n\n\n\n<p>Mario Delgado s\u00f3lo lo invit\u00f3 al mitin, pero nunca al desayuno de unidad, pero dijo que \u201ces un timbre de orgullo que me excluyan.&nbsp;<\/p>\n\n\n\n<p>\u201cDebo aclarar con toda seriedad que no fui invitado al desayuno denominado De la Unidad; s\u00f3lo recib\u00ed el jueves o viernes una llamada telef\u00f3nica del presidente, de Mario Delgado, para que a trav\u00e9s m\u00edo se les invitara a los senadores y las senadoras a asistir al acto de las 11 de la ma\u00f1ana. Eso fue todo\u201d, explic\u00f3.&nbsp;<\/p>\n\n\n\n<p>Dijo que \u201csoy de las personas que piensa que no ser\u00e1 violando la ley como honraremos la democracia y las mejores pr\u00e1cticas pol\u00edticas. Para m\u00ed no es adecuada la utilizaci\u00f3n de recursos p\u00fablicos, para las promociones personalizadas de manera anticipada.&nbsp;<\/p>\n\n\n\n<p>\u201cY yo continuar\u00e9 desempe\u00f1\u00e1ndome con firmeza y apego a la ley. Voy a seguir siendo leal a los principios que originaron la formaci\u00f3n de nuestro movimiento, el cual implica y requiere libertad e inclusi\u00f3n. No ser\u00e9, como nunca he sido, incondicional de facciones, porque estoy convencido que dentro de Morena habemos distintas opciones, no s\u00f3lo la que nos imponen\u201d, resalt\u00f3.&nbsp;<\/p>\n\n\n\n<p>Mario Delgado, dirigente nacional del Movimiento de Regeneraci\u00f3n Nacional (Morena), anunci\u00f3 en Imagen Radio que el pr\u00f3ximo 26 de junio realizar\u00e1 en Coahuila otro evento de unidad semejante al del domingo pasado en Toluca, Estado de M\u00e9xico, al que tambi\u00e9n invitar\u00e1n a los aspirantes presidenciales.&nbsp;<\/p>\n\n\n\n<p>(Informaci\u00f3n de \u201cExc\u00e9lsior\u201d)<\/p>\n","protected":false},"excerpt":{"rendered":"<p>Redacci\u00f3n\/Zona Roja Cdmx. Ciudad de M\u00e9xico, 14 de junio de 2022.- El domingo, el partido&hellip;<\/p>\n","protected":false},"author":2,"featured_media":29807,"comment_status":"closed","ping_status":"open","sticky":false,"template":"","format":"standard","meta":{"_lmt_disableupdate":"","_lmt_disable":"","_jetpack_memberships_contains_paid_content":false,"footnotes":""},"categories":[109,47],"tags":[583],"class_list":["post-42373","post","type-post","status-publish","format-standard","has-post-thumbnail","hentry","category-minuto-a-minuto","category-zona-gris","tag-ricardo-monreal"],"jetpack_featured_media_url":"https:\/\/zonaroja.com.mx\/wp-content\/uploads\/2021\/07\/Ricardo-Monreal-y-Mario-Delgado.jpg","jetpack_sharing_enabled":true,"_links":{"self":[{"href":"https:\/\/zonaroja.com.mx\/index.php?rest_route=\/wp\/v2\/posts\/42373","targetHints":{"allow":["GET"]}}],"collection":[{"href":"https:\/\/zonaroja.com.mx\/index.php?rest_route=\/wp\/v2\/posts"}],"about":[{"href":"https:\/\/zonaroja.com.mx\/index.php?rest_route=\/wp\/v2\/types\/post"}],"author":[{"embeddable":true,"href":"https:\/\/zonaroja.com.mx\/index.php?rest_route=\/wp\/v2\/users\/2"}],"replies":[{"embeddable":true,"href":"https:\/\/zonaroja.com.mx\/index.php?rest_route=%2Fwp%2Fv2%2Fcomments&post=42373"}],"version-history":[{"count":1,"href":"https:\/\/zonaroja.com.mx\/index.php?rest_route=\/wp\/v2\/posts\/42373\/revisions"}],"predecessor-version":[{"id":42374,"href":"https:\/\/zonaroja.com.mx\/index.php?rest_route=\/wp\/v2\/posts\/42373\/revisions\/42374"}],"wp:featuredmedia":[{"embeddable":true,"href":"https:\/\/zonaroja.com.mx\/index.php?rest_route=\/wp\/v2\/media\/29807"}],"wp:attachment":[{"href":"https:\/\/zonaroja.com.mx\/index.php?rest_route=%2Fwp%2Fv2%2Fmedia&parent=42373"}],"wp:term":[{"taxonomy":"category","embeddable":true,"href":"https:\/\/zonaroja.com.mx\/index.php?rest_route=%2Fwp%2Fv2%2Fcategories&post=42373"},{"taxonomy":"post_tag","embeddable":true,"href":"https:\/\/zonaroja.com.mx\/index.php?rest_route=%2Fwp%2Fv2%2Ftags&post=42373"}],"curies":[{"name":"wp","href":"https:\/\/api.w.org\/{rel}","templated":true}]}}