{"id":42379,"date":"2022-06-14T14:42:38","date_gmt":"2022-06-14T19:42:38","guid":{"rendered":"http:\/\/www.zonaroja.com.mx\/?p=42379"},"modified":"2022-06-14T14:46:22","modified_gmt":"2022-06-14T19:46:22","slug":"anuncian-marcha-caravana-del-orgullo-lgbt-por-sus-derechos-y-no-discriminacion","status":"publish","type":"post","link":"https:\/\/zonaroja.com.mx\/?p=42379","title":{"rendered":"Anuncian marcha caravana del orgullo LGBT+, por sus derechos y no discriminaci\u00f3n"},"content":{"rendered":"\n<p>Yuridiana Sosa\/Zona Roja.<\/p>\n\n\n\n<p>Oaxaca de Ju\u00e1rez, Oax., 14 de junio de 2022.- Bajo el lema \u201cTodes marchamos juntrans\u201d, en Oaxaca se efectuar\u00e1 la segunda marcha caravana del orgullo LGBTIQ+ en conmemoraci\u00f3n al D\u00eda Internacional del Orgullo -a celebrarse el 28 de junio-,&nbsp;para exigir respeto a derechos, alto a la discriminaci\u00f3n, sensibilizar a la poblaci\u00f3n y visibilizar al g\u00e9nero trans y no binario.<\/p>\n\n\n\n<p>A pesar de las legislaciones en Oaxaca a favor de la comunidad que integra la diversidad sexual, la discriminaci\u00f3n en diversos espacios, tanto p\u00fablicos, privados como institucionales, persisten al grado de no existir mecanismos que garanticen justicie ante diversas violaciones a sus derechos, apuntaron los integrantes del comit\u00e9 organizador.<\/p>\n\n\n\n<p>Es por ello, apuntan, que sigue siendo necesario estos movimientos pac\u00edficos para demandar a la sociedad y a las autoridades condiciones para su pleno desarrollo como humanos y convivir en espacios libres de discriminaci\u00f3n.<\/p>\n\n\n\n<p>Los estigmas se acent\u00faan actualmente contra las personas trans y del g\u00e9nero no binario, por lo que este a\u00f1o en Oaxaca la marcha tiene un mayor enfoque para visibilizar y sensibilizar sobre este sector de la comunidad LGBTIQ+.<\/p>\n\n\n\n<p>\u201cNuestra esperanza en ser felices y ser como queremos ser\u201d, expresaron.<\/p>\n\n\n\n<figure class=\"wp-block-embed is-type-rich is-provider-twitter wp-block-embed-twitter\"><div class=\"wp-block-embed__wrapper\">\n<div class=\"twitter-tweet\"><blockquote class=\"twitter-tweet\" data-lang=\"es\"><p lang=\"es\" dir=\"ltr\"><a href=\"https:\/\/twitter.com\/hashtag\/ENVIVO?src=hash&amp;ref_src=twsrc%5Etfw\">#ENVIVO<\/a> <br>Oaxaca de Ju\u00e1rez, Oax., 14 de junio de 2022.- Conferencia de prensa para anunciar la segunda marcha caravana del orgullo LGTB+. <br>Aqu\u00ed la transmisi\u00f3n: <br>\ud83d\udc47<a href=\"https:\/\/t.co\/9wxTgC4vaz\">https:\/\/t.co\/9wxTgC4vaz<\/a> <a href=\"https:\/\/t.co\/U7g35GwbCQ\">pic.twitter.com\/U7g35GwbCQ<\/a><\/p>&mdash; Zona Roja Oaxaca (@ZonaRoja_Oaxaca) <a href=\"https:\/\/twitter.com\/ZonaRoja_Oaxaca\/status\/1536737263190568961?ref_src=twsrc%5Etfw\">14 de junio de 2022<\/a><\/blockquote><\/div>\n<\/div><\/figure>\n\n\n\n<p>LA MARCHA<\/p>\n\n\n\n<p>La movilizaci\u00f3n se realizar\u00e1 el pr\u00f3ximo 26 de junio, desde la fuente de Ocho Regiones a Plaza de la Danza.<\/p>\n\n\n\n<p>Las actividades comenzar\u00e1n alrededor de las 11:00 horas en la fuente, donde habr\u00e1 toma de muestras gratuitas para VIH y conversatorios, para despu\u00e9s, salir en marcha caravana a las 14:00 horas.<\/p>\n\n\n\n<p>En esta ocasi\u00f3n participar\u00e1n contingentes de apoyo por parte de estudiantes de la Universidad Aut\u00f3noma \u201cBenito Ju\u00e1rez\u201d de Oaxaca (UABJO), el Instituto Tecnol\u00f3gico de Oaxaca (ITO), organizaciones civiles, e integrantes de la diversidad de las regiones del Istmo, Cuenca y Sierra Norte.<\/p>\n\n\n\n<p>Los activistas prev\u00e9n un encuentro con las autoridades municipales de Oaxaca de Ju\u00e1rez a su llegada a Plaza de la Danza, y colocar\u00e1n las banderas de la diversidad sexual en Palacio Municipal.<\/p>\n\n\n\n<p>ACCIONES<\/p>\n\n\n\n<p>Los representantes y actividades de la comunidad LGBTIQ+ en Oaxaca indicaron que esperan que la nueva administraci\u00f3n estatal tenga la sensibilidad de abrir el di\u00e1logo con este sector para realizar acciones en su defensa.<\/p>\n\n\n\n<p>En tanto, reconocen algunos avances en la administraci\u00f3n saliente, como la creaci\u00f3n de una Fiscal\u00eda para Atenci\u00f3n de Delitos de Diversidad Sexual, aunque en la pr\u00e1ctica falta mayor sensibilidad para la atenci\u00f3n de los casos; as\u00ed como la realizaci\u00f3n del matrimonio igualitario.<\/p>\n","protected":false},"excerpt":{"rendered":"<p>Yuridiana Sosa\/Zona Roja. Oaxaca de Ju\u00e1rez, Oax., 14 de junio de 2022.- Bajo el lema&hellip;<\/p>\n","protected":false},"author":2,"featured_media":42383,"comment_status":"closed","ping_status":"open","sticky":false,"template":"","format":"standard","meta":{"_lmt_disableupdate":"","_lmt_disable":"","_jetpack_memberships_contains_paid_content":false,"footnotes":""},"categories":[109,46],"tags":[],"class_list":["post-42379","post","type-post","status-publish","format-standard","has-post-thumbnail","hentry","category-minuto-a-minuto","category-zona-blanca"],"jetpack_featured_media_url":"https:\/\/zonaroja.com.mx\/wp-content\/uploads\/2022\/06\/Marcha-el-orgullo-gay.jpg","jetpack_sharing_enabled":true,"_links":{"self":[{"href":"https:\/\/zonaroja.com.mx\/index.php?rest_route=\/wp\/v2\/posts\/42379","targetHints":{"allow":["GET"]}}],"collection":[{"href":"https:\/\/zonaroja.com.mx\/index.php?rest_route=\/wp\/v2\/posts"}],"about":[{"href":"https:\/\/zonaroja.com.mx\/index.php?rest_route=\/wp\/v2\/types\/post"}],"author":[{"embeddable":true,"href":"https:\/\/zonaroja.com.mx\/index.php?rest_route=\/wp\/v2\/users\/2"}],"replies":[{"embeddable":true,"href":"https:\/\/zonaroja.com.mx\/index.php?rest_route=%2Fwp%2Fv2%2Fcomments&post=42379"}],"version-history":[{"count":1,"href":"https:\/\/zonaroja.com.mx\/index.php?rest_route=\/wp\/v2\/posts\/42379\/revisions"}],"predecessor-version":[{"id":42380,"href":"https:\/\/zonaroja.com.mx\/index.php?rest_route=\/wp\/v2\/posts\/42379\/revisions\/42380"}],"wp:featuredmedia":[{"embeddable":true,"href":"https:\/\/zonaroja.com.mx\/index.php?rest_route=\/wp\/v2\/media\/42383"}],"wp:attachment":[{"href":"https:\/\/zonaroja.com.mx\/index.php?rest_route=%2Fwp%2Fv2%2Fmedia&parent=42379"}],"wp:term":[{"taxonomy":"category","embeddable":true,"href":"https:\/\/zonaroja.com.mx\/index.php?rest_route=%2Fwp%2Fv2%2Fcategories&post=42379"},{"taxonomy":"post_tag","embeddable":true,"href":"https:\/\/zonaroja.com.mx\/index.php?rest_route=%2Fwp%2Fv2%2Ftags&post=42379"}],"curies":[{"name":"wp","href":"https:\/\/api.w.org\/{rel}","templated":true}]}}