{"id":42387,"date":"2022-06-14T15:19:21","date_gmt":"2022-06-14T20:19:21","guid":{"rendered":"http:\/\/www.zonaroja.com.mx\/?p=42387"},"modified":"2022-06-14T15:19:22","modified_gmt":"2022-06-14T20:19:22","slug":"denuncian-estudiantes-de-la-facultad-de-derecho-desinteres-de-rector-para-atender-conflicto","status":"publish","type":"post","link":"https:\/\/zonaroja.com.mx\/?p=42387","title":{"rendered":"Denuncian estudiantes de la Facultad de Derecho desinter\u00e9s de rector para atender conflicto"},"content":{"rendered":"\n<p>Yuridiana Sosa\/Zona Roja.<\/p>\n\n\n\n<p>Oaxaca de Ju\u00e1rez, Oax., 14 de junio de 2022.- Un grupo de docentes y catedr\u00e1ticos de la Facultad de Derecho y Ciencias Sociales de la Universidad Aut\u00f3noma \u201cBenito Ju\u00e1rez\u201d de Oaxaca se apoder\u00f3 por unas horas del edificio del Centro Hist\u00f3rico.<\/p>\n\n\n\n<p>Ello con la finalidad de exigir la renovaci\u00f3n del consejo t\u00e9cnico, denunciar corrupci\u00f3n y pedir la salida del actual director, adem\u00e1s de acusar nulo inter\u00e9s del rector Cristian \u00c9der Carre\u00f1o a la problem\u00e1tica.<\/p>\n\n\n\n<p>Los alumnos, encabezados por el catedr\u00e1tico y ex director de la Facultad, Miguel \u00c1ngel V\u00e1zquez Ram\u00edrez, exigen una mesa de di\u00e1logo con el rector de la UABJO, quien aseguran ha ignorado su petici\u00f3n desde hace m\u00e1s de un mes que comenzaron con estas acciones para denunciar actos de corrupci\u00f3n.<\/p>\n\n\n\n<p>En lo que fue su tercera protesta de su jornada de lucha para denunciar los abusos del director Carlos Perezcampos Mayoral, los estudiantes dieron a conocer su posicionamiento frente a la crisis que consideran vive dicha facultad por los excesos de pagos y ante la posible imposici\u00f3n de un director.<\/p>\n\n\n\n<p>Los representantes de los estudiantes demandaron la convocatoria oficial para el regreso a clases presenciales para el ciclo 2022-2023 y a partir de ello, exigen la inmediata renovaci\u00f3n del actual Consejo T\u00e9cnico mediante el voto universal, conforme a la convocatoria de ley Org\u00e1nica.<\/p>\n\n\n\n<p>Adem\u00e1s, se\u00f1alan que debe ser el Consejo T\u00e9cnico el que emita la convocatoria para la elecci\u00f3n del nuevo director, para el periodo 2022-2025.<\/p>\n\n\n\n<p>Debido a que los costos de inscripci\u00f3n alcanzan los 10 mil pesos, m\u00e1s el pago de todo tipo de tr\u00e1mites a cuenta no institucionales, los inconformes exigieron eliminaci\u00f3n de cuotas de inscripci\u00f3n y de cualquier otro proceso administrativo o escolar.<\/p>\n\n\n\n<p>Otra de las irregularidades que se\u00f1alaron es el ingreso de 24 pasantes de Derecho y ocho licenciados m\u00e1s de otras universidades como catedr\u00e1ticos, de quienes exigen su destituci\u00f3n.<\/p>\n\n\n\n<p>Los inconformes advirtieron que no cesar\u00e1n en sus movilizaciones hasta lograr una respuesta.<\/p>\n\n\n\n<figure class=\"wp-block-embed is-type-rich is-provider-twitter wp-block-embed-twitter\"><div class=\"wp-block-embed__wrapper\">\n<div class=\"twitter-tweet\"><blockquote class=\"twitter-tweet\" data-lang=\"es\"><p lang=\"es\" dir=\"ltr\"><a href=\"https:\/\/twitter.com\/hashtag\/ENVIVO?src=hash&amp;ref_src=twsrc%5Etfw\">#ENVIVO<\/a><br>Oaxaca de Ju\u00e1rez, Oax., 14 de junio de 2022.- Catedr\u00e1ticos y alumnos \u201ctoman\u201d Facultad de Derecho de la <a href=\"https:\/\/twitter.com\/UABJO?ref_src=twsrc%5Etfw\">@UABJO<\/a>.<br>Denuncian que pese a protesta desde hace semanas, no hay atenci\u00f3n ni del director ni del rector <a href=\"https:\/\/twitter.com\/RectorCristian?ref_src=twsrc%5Etfw\">@RectorCristian<\/a>.<br>Aqu\u00ed la transmisi\u00f3n: <br>\ud83d\udc47<a href=\"https:\/\/t.co\/EJaPN6c8K2\">https:\/\/t.co\/EJaPN6c8K2<\/a> <a href=\"https:\/\/t.co\/IaaAMpbp40\">pic.twitter.com\/IaaAMpbp40<\/a><\/p>&mdash; Zona Roja Oaxaca (@ZonaRoja_Oaxaca) <a href=\"https:\/\/twitter.com\/ZonaRoja_Oaxaca\/status\/1536740743120728065?ref_src=twsrc%5Etfw\">14 de junio de 2022<\/a><\/blockquote><\/div>\n<\/div><\/figure>\n","protected":false},"excerpt":{"rendered":"<p>Yuridiana Sosa\/Zona Roja. Oaxaca de Ju\u00e1rez, Oax., 14 de junio de 2022.- Un grupo de&hellip;<\/p>\n","protected":false},"author":2,"featured_media":42385,"comment_status":"closed","ping_status":"open","sticky":false,"template":"","format":"standard","meta":{"_lmt_disableupdate":"","_lmt_disable":"","_jetpack_memberships_contains_paid_content":false,"footnotes":""},"categories":[109,47],"tags":[239],"class_list":["post-42387","post","type-post","status-publish","format-standard","has-post-thumbnail","hentry","category-minuto-a-minuto","category-zona-gris","tag-uabjo"],"jetpack_featured_media_url":"https:\/\/zonaroja.com.mx\/wp-content\/uploads\/2022\/06\/Protesta-Facultad-de-Derecho-Uabjo.jpg","jetpack_sharing_enabled":true,"_links":{"self":[{"href":"https:\/\/zonaroja.com.mx\/index.php?rest_route=\/wp\/v2\/posts\/42387","targetHints":{"allow":["GET"]}}],"collection":[{"href":"https:\/\/zonaroja.com.mx\/index.php?rest_route=\/wp\/v2\/posts"}],"about":[{"href":"https:\/\/zonaroja.com.mx\/index.php?rest_route=\/wp\/v2\/types\/post"}],"author":[{"embeddable":true,"href":"https:\/\/zonaroja.com.mx\/index.php?rest_route=\/wp\/v2\/users\/2"}],"replies":[{"embeddable":true,"href":"https:\/\/zonaroja.com.mx\/index.php?rest_route=%2Fwp%2Fv2%2Fcomments&post=42387"}],"version-history":[{"count":1,"href":"https:\/\/zonaroja.com.mx\/index.php?rest_route=\/wp\/v2\/posts\/42387\/revisions"}],"predecessor-version":[{"id":42388,"href":"https:\/\/zonaroja.com.mx\/index.php?rest_route=\/wp\/v2\/posts\/42387\/revisions\/42388"}],"wp:featuredmedia":[{"embeddable":true,"href":"https:\/\/zonaroja.com.mx\/index.php?rest_route=\/wp\/v2\/media\/42385"}],"wp:attachment":[{"href":"https:\/\/zonaroja.com.mx\/index.php?rest_route=%2Fwp%2Fv2%2Fmedia&parent=42387"}],"wp:term":[{"taxonomy":"category","embeddable":true,"href":"https:\/\/zonaroja.com.mx\/index.php?rest_route=%2Fwp%2Fv2%2Fcategories&post=42387"},{"taxonomy":"post_tag","embeddable":true,"href":"https:\/\/zonaroja.com.mx\/index.php?rest_route=%2Fwp%2Fv2%2Ftags&post=42387"}],"curies":[{"name":"wp","href":"https:\/\/api.w.org\/{rel}","templated":true}]}}