{"id":42390,"date":"2022-06-14T17:51:22","date_gmt":"2022-06-14T22:51:22","guid":{"rendered":"https:\/\/www.zonaroja.com.mx\/?p=42390"},"modified":"2022-06-14T17:51:23","modified_gmt":"2022-06-14T22:51:23","slug":"violencia-incesante-ejecutan-hoy-a-tres-ex-edil-de-loxicha-y-otros-en-salina-cruz-y-en-pochutla","status":"publish","type":"post","link":"https:\/\/zonaroja.com.mx\/?p=42390","title":{"rendered":"Violencia incesante: ejecutan hoy a tres; ex edil de Loxicha y otros en Salina Cruz y en Pochutla"},"content":{"rendered":"\n<p>Redacci\u00f3n\/Zona Roja. <\/p>\n\n\n\n<p>Oaxaca de Ju\u00e1rez, Oax., 14 de junio de 2022.- Por cuarto d\u00eda consecutivo sigue la ola violenta de ejecuciones en Oaxaca, con tres casos hoy.&nbsp;<\/p>\n\n\n\n<p>Esta tarde y durante una calenda, fue asesinado a balazos el ex presidente municipal de San Agust\u00edn Loxicha, Pedro V\u00e1squez. <\/p>\n\n\n\n<p>Organizaciones sociales recriminaron el crimen de quien identificaron como dirigente del Consejo deComunidades Ind\u00edgenas de la Regi\u00f3n Loxicha y Sierra Sur (CCIRLSS).<\/p>\n\n\n\n<p>A su vez la Fiscal\u00eda General del Estado de Oaxaca inform\u00f3 que dio inicio a la Carpeta de Investigaci\u00f3n 20844\/FCOS\/POCHUTLA\/2022, ante el homicidio del masculino, cometido este martes 14 de junio en jurisdicci\u00f3n de San Agust\u00edn Loxicha.<\/p>\n\n\n\n<p>Pedro V\u00e1squez ya hab\u00eda denunciado amenazas en su contra, por parte del ex edil y actual titular de la Coordinaci\u00f3n Estatal de Protecci\u00f3n Civil de Oaxaca, \u00d3scar Valencia.&nbsp;<\/p>\n\n\n\n<p>OTROS CR\u00cdMENES&nbsp;<\/p>\n\n\n\n<p>Por otra parte, la ma\u00f1ana de hoy y ante decenas de personas, fue asesinado a balazos el propietario de una carnicer\u00eda en el interior de un mercado en la colonia Hidalgo Oriente de Salina Cruz.<\/p>\n\n\n\n<p>La v\u00edctima fue identificada como Jos\u00e9 Manuel  L\u00f3pez Hern\u00e1ndez, quien atend\u00eda la carnicer\u00eda \u201cMarisela\u201d.<\/p>\n\n\n\n<p>Mientras que esta tarde en San Pedro Pochutla fue ultimado a balazos un individuo identificado como Ra\u00fal Canseco.<\/p>\n\n\n\n<p>Presuntamente dos masculinos le llevaron despensas de parte de una asociaci\u00f3n civil y le dispararon a quemarropa, tras lo cual huyeron. <\/p>\n","protected":false},"excerpt":{"rendered":"<p>Redacci\u00f3n\/Zona Roja. Oaxaca de Ju\u00e1rez, Oax., 14 de junio de 2022.- Por cuarto d\u00eda consecutivo&hellip;<\/p>\n","protected":false},"author":2,"featured_media":42389,"comment_status":"closed","ping_status":"open","sticky":false,"template":"","format":"standard","meta":{"_lmt_disableupdate":"","_lmt_disable":"","_jetpack_memberships_contains_paid_content":false,"footnotes":""},"categories":[109,51],"tags":[],"class_list":["post-42390","post","type-post","status-publish","format-standard","has-post-thumbnail","hentry","category-minuto-a-minuto","category-zona-roja"],"jetpack_featured_media_url":"https:\/\/zonaroja.com.mx\/wp-content\/uploads\/2022\/06\/img_0619.jpg","jetpack_sharing_enabled":true,"_links":{"self":[{"href":"https:\/\/zonaroja.com.mx\/index.php?rest_route=\/wp\/v2\/posts\/42390","targetHints":{"allow":["GET"]}}],"collection":[{"href":"https:\/\/zonaroja.com.mx\/index.php?rest_route=\/wp\/v2\/posts"}],"about":[{"href":"https:\/\/zonaroja.com.mx\/index.php?rest_route=\/wp\/v2\/types\/post"}],"author":[{"embeddable":true,"href":"https:\/\/zonaroja.com.mx\/index.php?rest_route=\/wp\/v2\/users\/2"}],"replies":[{"embeddable":true,"href":"https:\/\/zonaroja.com.mx\/index.php?rest_route=%2Fwp%2Fv2%2Fcomments&post=42390"}],"version-history":[{"count":1,"href":"https:\/\/zonaroja.com.mx\/index.php?rest_route=\/wp\/v2\/posts\/42390\/revisions"}],"predecessor-version":[{"id":42391,"href":"https:\/\/zonaroja.com.mx\/index.php?rest_route=\/wp\/v2\/posts\/42390\/revisions\/42391"}],"wp:featuredmedia":[{"embeddable":true,"href":"https:\/\/zonaroja.com.mx\/index.php?rest_route=\/wp\/v2\/media\/42389"}],"wp:attachment":[{"href":"https:\/\/zonaroja.com.mx\/index.php?rest_route=%2Fwp%2Fv2%2Fmedia&parent=42390"}],"wp:term":[{"taxonomy":"category","embeddable":true,"href":"https:\/\/zonaroja.com.mx\/index.php?rest_route=%2Fwp%2Fv2%2Fcategories&post=42390"},{"taxonomy":"post_tag","embeddable":true,"href":"https:\/\/zonaroja.com.mx\/index.php?rest_route=%2Fwp%2Fv2%2Ftags&post=42390"}],"curies":[{"name":"wp","href":"https:\/\/api.w.org\/{rel}","templated":true}]}}