{"id":42397,"date":"2022-06-14T22:05:29","date_gmt":"2022-06-15T03:05:29","guid":{"rendered":"http:\/\/www.zonaroja.com.mx\/?p=42397"},"modified":"2022-06-14T22:05:32","modified_gmt":"2022-06-15T03:05:32","slug":"y-la-segego-este-martes-al-menos-siete-protestas-en-oaxaca","status":"publish","type":"post","link":"https:\/\/zonaroja.com.mx\/?p=42397","title":{"rendered":"\u00bfY la Segego? Este martes, al menos siete protestas en Oaxaca"},"content":{"rendered":"\n<p>Yuridiana Sosa\/Zona Roja.<\/p>\n\n\n\n<p>Oaxaca de Ju\u00e1rez, Oax., 14 de junio de 2022.- Las movilizaciones masivas se activaron este martes en la capital del estado, sumadas a las de la zona conurbada y en otras tres regiones del estado, con un saldo de al menos siete protestas.<\/p>\n\n\n\n<p>Adem\u00e1s del cierre vial de la avenida Independencia, en el Centro Hist\u00f3rico de la ciudad de Oaxaca, por parte de alumnos de la Facultad de Derecho de la UABJO, miles de maestros marcharon hoy en la capital, para exigir castigo al ex gobernador Ulises Ruiz Ortiz, por el intento de desaloj\u00f3 el 14 de junio de 2002.<\/p>\n\n\n\n<p>NI PERDON NI OLVIDO<\/p>\n\n\n\n<p>Con menos fervor que a\u00f1os anteriores y hasta con divisiones y manifestaciones contra el secretario general de la gremial Eloy L\u00f3pez, los docentes se desplazaron del crucero de Brenamiel, en San Jacinto Amilpas, en la carretera 190 al z\u00f3calo de la capital.<\/p>\n\n\n\n<p>La costumbre de realizar pintas a su paso en el edificio del Comit\u00e9 Estatal del PRI no fall\u00f3. \u201cOjo por ojo, diente por diente, priistas asesinos la cuenta est\u00e1 pendiente\u201d, escribieron en la fallida manifestantes con el rostro cubierto.<\/p>\n\n\n\n<p>En el mitin recordaron la batalla que enfrentaron aquel 14 de junio en el Centro Hist\u00f3rico de Oaxaca; \u201cla APPO sigue m\u00e1s viva que nunca\u201d, reafirmaron integrantes de este movimiento.<\/p>\n\n\n\n<p>Al finalizar el mitin, el secretario general de la Secci\u00f3n 22 fue rodeado por docentes inconformes por la falta de atenci\u00f3n a sus demandas, pues con la excusa de la pandemia ha omitido todo movimiento y acciones a favor de la lucha sindical.<\/p>\n\n\n\n<p>Los docentes exigieron pago de incidencias y regularizaciones de plazas.<\/p>\n\n\n\n<p>OTRAS PROTESTAS<\/p>\n\n\n\n<p>En tanto, habitantes de la agencia Renacimiento del municipio de Villa de Zaachila bloquearon el paso al basurero municipal, para exigir la conclusi\u00f3n de una obra de rehabilitaci\u00f3n de la red de agua potable.<\/p>\n\n\n\n<p>Los denunciantes apuntaron que la Comisi\u00f3n Estatal del Agua y la Secretar\u00eda de Finanzas deben a la empresa un monto cercano a los cuatro millones de pesos, lo que impide el avance de la obra.<\/p>\n\n\n\n<p>Advirtieron que la \u201ctoma\u201d es indefinida, lo cual afecta a los municipios de la zona conurbada de la capital. No obstante, por la tarde-noche retiraron su protesta.<\/p>\n\n\n\n<p>Adem\u00e1s, se registr\u00f3 una manifestaci\u00f3n de trabajadores del Hospital Civil \u00abDr. Aurelio Valdivieso\u00bb, de los Servicios de Salud de Oaxaca, para exhibir carencias m\u00e9dicas y laborales en el nosocomio.&nbsp;<\/p>\n\n\n\n<p>EN LAS REGIONES<\/p>\n\n\n\n<p>Por su parte, habitantes y organizaciones de diferentes comunidades en la Costa, Ca\u00f1ada y Mixteca se manifestaron con bloqueos contra autoridades estatales y municipales para ser atendidos.<\/p>\n\n\n\n<p>En la regi\u00f3n de la Costa, en la zona afectada por el hurac\u00e1n \u201cAgatha\u201d, pobladores de La Erradura realizaron un bloqueo para exigir la presencia del presidente municipal, Jos\u00e9 Hern\u00e1ndez C\u00e1rdenas, para que resuelva las demandas de la poblaci\u00f3n damnificada.<\/p>\n\n\n\n<p>En la Mixteca, integrantes de la Confederaci\u00f3n Aut\u00f3noma de Trabajadores y Empleados de M\u00e9xico (CATEM) cerraron el paso en la carretera que comunica a Santa Mar\u00eda Ay\u00fa y a San Pedro Yodoyuxi, en municipio de Huajuapan de Le\u00f3n, para exigir los trabajos en una obra de pavimentaci\u00f3n.<\/p>\n\n\n\n<p>Mientras que, en la Ca\u00f1ada, padres de familia bloquearon la carretera federal 182 en el tramo de Teotitl\u00e1n \u2013Huautla de Jim\u00e9nez en demanda de obras incumplidas por el Instituto Oaxaque\u00f1os Constructor de Infraestructura F\u00edsica Educativa (IOCIFED).<\/p>\n\n\n\n<p>Los tutores de la escuela primaria \u201cBenito Ju\u00e1rez\u201d se\u00f1alaron que la instituci\u00f3n se comprometi\u00f3 el a\u00f1o pasado, ante la Secretar\u00eda General de Gobierno, una minuta para cumplir con la reconstrucci\u00f3n de sanitarios, aula de medios, biblioteca, direcci\u00f3n y piso para el patio, pero no hay ni un avance para las obras.<\/p>\n\n\n\n<p>En el Istmo, un grupo de ciudadanos bloque\u00f3 la v\u00eda federal 190, entre Tehuantepec y Juchit\u00e1n, en demanda de la liberaci\u00f3n de una persona, identificada como Nicandro F., detenido la semana pasada acusado de asesinar al m\u00e9dico y activista de Morena, Carlos A. L., ultimado en Juchit\u00e1n el pasado 3 de junio.<\/p>\n\n\n\n<p>En ninguno de los casos hubo informaci\u00f3n de la Secretar\u00eda General de Gobierno (Segego) acerca de la atenci\u00f3n que brind\u00f3 a los manifestantes.<\/p>\n","protected":false},"excerpt":{"rendered":"<p>Yuridiana Sosa\/Zona Roja. Oaxaca de Ju\u00e1rez, Oax., 14 de junio de 2022.- Las movilizaciones masivas&hellip;<\/p>\n","protected":false},"author":2,"featured_media":42398,"comment_status":"closed","ping_status":"open","sticky":false,"template":"","format":"standard","meta":{"_lmt_disableupdate":"","_lmt_disable":"","_jetpack_memberships_contains_paid_content":false,"footnotes":""},"categories":[109,47],"tags":[2496],"class_list":["post-42397","post","type-post","status-publish","format-standard","has-post-thumbnail","hentry","category-minuto-a-minuto","category-zona-gris","tag-marchas-y-bloqueos-oaxaca"],"jetpack_featured_media_url":"https:\/\/zonaroja.com.mx\/wp-content\/uploads\/2022\/06\/Protesta-Juchitan-Nicandro-Ferra.jpg","jetpack_sharing_enabled":true,"_links":{"self":[{"href":"https:\/\/zonaroja.com.mx\/index.php?rest_route=\/wp\/v2\/posts\/42397","targetHints":{"allow":["GET"]}}],"collection":[{"href":"https:\/\/zonaroja.com.mx\/index.php?rest_route=\/wp\/v2\/posts"}],"about":[{"href":"https:\/\/zonaroja.com.mx\/index.php?rest_route=\/wp\/v2\/types\/post"}],"author":[{"embeddable":true,"href":"https:\/\/zonaroja.com.mx\/index.php?rest_route=\/wp\/v2\/users\/2"}],"replies":[{"embeddable":true,"href":"https:\/\/zonaroja.com.mx\/index.php?rest_route=%2Fwp%2Fv2%2Fcomments&post=42397"}],"version-history":[{"count":1,"href":"https:\/\/zonaroja.com.mx\/index.php?rest_route=\/wp\/v2\/posts\/42397\/revisions"}],"predecessor-version":[{"id":42399,"href":"https:\/\/zonaroja.com.mx\/index.php?rest_route=\/wp\/v2\/posts\/42397\/revisions\/42399"}],"wp:featuredmedia":[{"embeddable":true,"href":"https:\/\/zonaroja.com.mx\/index.php?rest_route=\/wp\/v2\/media\/42398"}],"wp:attachment":[{"href":"https:\/\/zonaroja.com.mx\/index.php?rest_route=%2Fwp%2Fv2%2Fmedia&parent=42397"}],"wp:term":[{"taxonomy":"category","embeddable":true,"href":"https:\/\/zonaroja.com.mx\/index.php?rest_route=%2Fwp%2Fv2%2Fcategories&post=42397"},{"taxonomy":"post_tag","embeddable":true,"href":"https:\/\/zonaroja.com.mx\/index.php?rest_route=%2Fwp%2Fv2%2Ftags&post=42397"}],"curies":[{"name":"wp","href":"https:\/\/api.w.org\/{rel}","templated":true}]}}