{"id":4240,"date":"2019-09-24T09:33:45","date_gmt":"2019-09-24T14:33:45","guid":{"rendered":"http:\/\/www.zonaroja.com.mx\/?p=4240"},"modified":"2019-09-24T09:33:47","modified_gmt":"2019-09-24T14:33:47","slug":"la-estigmatizada-normal-de-tamazulapam-recibe-equipamiento","status":"publish","type":"post","link":"https:\/\/zonaroja.com.mx\/?p=4240","title":{"rendered":"La estigmatizada Normal de Tamazul\u00e1pam recibe equipamiento"},"content":{"rendered":"\n<p>Redacci\u00f3n\/Zona\nRoja.<\/p>\n\n\n\n<p>Oaxaca de\nJu\u00e1rez, Oax., 24 de septiembre de 2019.- Estigmatizada por presuntamente\naplicar actos de tortura e ideologizaci\u00f3n a los alumnos, la Escuela Normal \u201cVanguardia\u201d\nde Tamazul\u00e1pam del Progreso, recibi\u00f3 equipamiento por parte de las autoridades\nestatales.<\/p>\n\n\n\n<p>Se trata de uniformes\ndeportivos y equipo de c\u00f3mputo en beneficio de 229 alumnas, inform\u00f3 el Instituto\nEstatal de Educaci\u00f3n P\u00fablica de Oaxaca (IEEPO).<\/p>\n\n\n\n<p>Lo anterior,\n\u201ccomo parte de su compromiso de impulsar y consolidar acciones que coadyuven en\nel mejoramiento de los servicios educativos y operaci\u00f3n de los planteles\neducativos formadores de docentes\u201d, expuso en un comunicado.<\/p>\n\n\n\n<p>Detall\u00f3 que\ncon la representaci\u00f3n del director general, Francisco \u00c1ngel Villarreal, el\nsubdirector general de Servicios Educativos del IEEPO, \u00c1lvaro C\u00e9sar Guevara\nRam\u00edrez hizo entrega de los apoyos gestionados en meses pasados y a los que se\nsuman diversas obras de rehabilitaci\u00f3n realizadas en la instituci\u00f3n ubicada en\nla Mixteca Alta.<\/p>\n\n\n\n<p>Entre estas, se encuentran la remodelaci\u00f3n y equipamiento del aula digital, impermeabilizaci\u00f3n, renovaci\u00f3n de instalaciones el\u00e9ctricas, cambio de loseta, colocaci\u00f3n de puerta y protecciones.<\/p>\n\n\n\n<figure class=\"wp-block-embed-twitter wp-block-embed is-type-rich is-provider-twitter\"><div class=\"wp-block-embed__wrapper\">\n<div class=\"twitter-tweet\"><blockquote class=\"twitter-tweet\" data-lang=\"es\"><p lang=\"es\" dir=\"ltr\">En representaci\u00f3n del Dir. del IEEPO, <a href=\"https:\/\/twitter.com\/VillarrealPaco?ref_src=twsrc%5Etfw\">@VillarrealPaco<\/a>, el Subdir. Gral. de Servicios Educativos, <a href=\"https:\/\/twitter.com\/GuevaraRmz?ref_src=twsrc%5Etfw\">@GuevaraRmz<\/a> entreg\u00f3 uniformes y equipo de c\u00f3mputo en beneficio de alumnas de la Escuela Normal Rural Vanguardia de Tamazul\u00e1pam, donde tambi\u00e9n se dio mantenimiento a las instalaciones. <a href=\"https:\/\/t.co\/gaqVZCjB7h\">pic.twitter.com\/gaqVZCjB7h<\/a><\/p>&mdash; IEEPO (@IEEPOGobOax) <a href=\"https:\/\/twitter.com\/IEEPOGobOax\/status\/1176178606021763073?ref_src=twsrc%5Etfw\">23 de septiembre de 2019<\/a><\/blockquote><\/div>\n<\/div><\/figure>\n\n\n\n<p>Asimismo, se\nrealiz\u00f3 el mantenimiento de la red de c\u00f3mputo, que actualmente se encuentra\nconformada por 22 computadoras de escritorio y una port\u00e1til, proyector, multifuncional\ny siete reguladores, adquiridos en fechas recientes.<\/p>\n\n\n\n<p>El\nsubdirector general de Servicios Educativos, Guevara Ram\u00edrez, reiter\u00f3 el\ninter\u00e9s del gobernador Alejandro Murat Hinojosa y del Director General del\nIEEPO para que en un trabajo coordinado, se fortalezca la labor de estas\ninstituciones educativas y se atiendan aspectos pedag\u00f3gicos, estructurales y de\nvinculaci\u00f3n en beneficio de la formaci\u00f3n de los futuros maestros.<\/p>\n\n\n\n<p>En el \u00e1mbito\nde sus competencias, el Instituto Estatal de Educaci\u00f3n P\u00fablica de Oaxaca da\nrespuesta a las solicitudes expuestas por las y los futuros docentes que se\npreparan en las 11 escuelas normales de la entidad, con quienes ha prevalecido\nel di\u00e1logo abierto y transparente para dar cauce a cada una de sus peticiones.<\/p>\n\n\n\n<p>En el ejercicio\n2017-2018 a trav\u00e9s del IEEPO se ejecut\u00f3, una inversi\u00f3n de 11.68 millones de\npesos en las 11 escuelas normales en actividades encaminadas a estimular la\norganizaci\u00f3n, el funcionamiento y mejoramiento de estas instituciones.<\/p>\n","protected":false},"excerpt":{"rendered":"<p>Redacci\u00f3n\/Zona Roja. Oaxaca de Ju\u00e1rez, Oax., 24 de septiembre de 2019.- Estigmatizada por presuntamente aplicar&hellip;<\/p>\n","protected":false},"author":2,"featured_media":4241,"comment_status":"closed","ping_status":"open","sticky":false,"template":"","format":"standard","meta":{"_lmt_disableupdate":"","_lmt_disable":"","_jetpack_memberships_contains_paid_content":false,"footnotes":""},"categories":[109,46],"tags":[759],"class_list":["post-4240","post","type-post","status-publish","format-standard","has-post-thumbnail","hentry","category-minuto-a-minuto","category-zona-blanca","tag-escuela-normal-vanguardia-de-tamazulapam"],"jetpack_featured_media_url":"https:\/\/zonaroja.com.mx\/wp-content\/uploads\/2019\/09\/01-IEEPO-1-1.jpeg","jetpack_sharing_enabled":true,"_links":{"self":[{"href":"https:\/\/zonaroja.com.mx\/index.php?rest_route=\/wp\/v2\/posts\/4240","targetHints":{"allow":["GET"]}}],"collection":[{"href":"https:\/\/zonaroja.com.mx\/index.php?rest_route=\/wp\/v2\/posts"}],"about":[{"href":"https:\/\/zonaroja.com.mx\/index.php?rest_route=\/wp\/v2\/types\/post"}],"author":[{"embeddable":true,"href":"https:\/\/zonaroja.com.mx\/index.php?rest_route=\/wp\/v2\/users\/2"}],"replies":[{"embeddable":true,"href":"https:\/\/zonaroja.com.mx\/index.php?rest_route=%2Fwp%2Fv2%2Fcomments&post=4240"}],"version-history":[{"count":1,"href":"https:\/\/zonaroja.com.mx\/index.php?rest_route=\/wp\/v2\/posts\/4240\/revisions"}],"predecessor-version":[{"id":4242,"href":"https:\/\/zonaroja.com.mx\/index.php?rest_route=\/wp\/v2\/posts\/4240\/revisions\/4242"}],"wp:featuredmedia":[{"embeddable":true,"href":"https:\/\/zonaroja.com.mx\/index.php?rest_route=\/wp\/v2\/media\/4241"}],"wp:attachment":[{"href":"https:\/\/zonaroja.com.mx\/index.php?rest_route=%2Fwp%2Fv2%2Fmedia&parent=4240"}],"wp:term":[{"taxonomy":"category","embeddable":true,"href":"https:\/\/zonaroja.com.mx\/index.php?rest_route=%2Fwp%2Fv2%2Fcategories&post=4240"},{"taxonomy":"post_tag","embeddable":true,"href":"https:\/\/zonaroja.com.mx\/index.php?rest_route=%2Fwp%2Fv2%2Ftags&post=4240"}],"curies":[{"name":"wp","href":"https:\/\/api.w.org\/{rel}","templated":true}]}}