{"id":42404,"date":"2022-06-15T09:12:00","date_gmt":"2022-06-15T14:12:00","guid":{"rendered":"http:\/\/www.zonaroja.com.mx\/?p=42404"},"modified":"2022-06-15T07:13:15","modified_gmt":"2022-06-15T12:13:15","slug":"opinion-matalos-de-hambre","status":"publish","type":"post","link":"https:\/\/zonaroja.com.mx\/?p=42404","title":{"rendered":"Opini\u00f3n. \u00a1M\u00e1talos de hambre!"},"content":{"rendered":"\n<p>N\u00e9stor Y. S\u00e1nchez Islas&nbsp;<\/p>\n\n\n\n<p>Nada que ver con aquel a\u00f1o de 1951 en que el presidente Miguel Alem\u00e1n&nbsp;celebr\u00f3 por primera vez de manera oficial el \u201cD\u00eda de la Libertad de Prensa\u201d&nbsp;con un exquisito banquete, en un elegante sal\u00f3n y atendidos por estirados camareros prestos a satisfacer el m\u00e1s m\u00ednimo capricho&nbsp;del exclusivo club de due\u00f1os de medios&nbsp;afines al r\u00e9gimen&nbsp;de aquellos a\u00f1os.<\/p>\n\n\n\n<p>Matarlos de hambre, es la filosof\u00eda&nbsp;que los gobiernos de la actualidad aplican en sus pol\u00edticas p\u00fablicas hacia los medios, que solo ejercen el derecho a informar libremente.<\/p>\n\n\n\n<p>La libertad de expresi\u00f3n es la materia prima del periodista y derecho humano fundamental. A partir del derecho a la libertad de expresi\u00f3n se ha construido la civilizaci\u00f3n moderna en que hoy nos desenvolvemos.&nbsp;<\/p>\n\n\n\n<p>Es tan cotidiana&nbsp;que,&nbsp;por eso mismo, mucha gente&nbsp;ni siquiera tiene conciencia&nbsp;de tenerla y&nbsp;disfrutarla&nbsp;y, por tanto, no le otorga importancia hasta que la pierde o se la limitan, que ser\u00eda el caso si en M\u00e9xico pudiera afianzarse una vez m\u00e1s un gobierno autoritario&nbsp;en&nbsp;el&nbsp;que&nbsp;se proh\u00edba pensar diferente.<\/p>\n\n\n\n<p>Oaxaca es tierra riesgosa para ejercer el periodismo, somos una de las entidades en que mayores agresiones se dan contra la prensa.&nbsp;<\/p>\n\n\n\n<p>Este oficio&nbsp;es continuamente atacado&nbsp;desde el poder, no solo el poder pol\u00edtico sino tambi\u00e9n el poder criminal, que en ocasiones&nbsp;son lo mismo.<\/p>\n\n\n\n<p>Desde el p\u00falpito se les califica&nbsp;como conservadores, fif\u00eds, neoliberales&nbsp;o mafiosos&nbsp;y se\u00f1alan&nbsp;el origen de&nbsp;la cr\u00edtica&nbsp;por&nbsp;el hecho de haber perdido privilegios.&nbsp;Si bien existen algunos personajes de los medios que tienen privilegios, la gran mayor\u00eda no tiene&nbsp;ninguno.&nbsp;<\/p>\n\n\n\n<p>Quienes acusan de&nbsp;\u201cchayoteros\u201d&nbsp;a la prensa&nbsp;son quienes, generalmente, se han enriquecido brutalmente con la corrupci\u00f3n, en el gobierno, en los sindicatos y en las \u201corganizaciones sociales\u201d.<\/p>\n\n\n\n<p>La prensa, a nivel mundial, atraviesa una grave crisis. El modelo de negocio tradicional que&nbsp;ejerci\u00f3 durante siglos colaps\u00f3 con la llegada de las nuevas tecnolog\u00edas que abrieron m\u00faltiples canales de comunicaci\u00f3n. Esta situaci\u00f3n provoc\u00f3 una reacci\u00f3n perversa desde el poder en que, aprovechando la ca\u00edda de ingresos por venta de publicidad, ha tratado de ahorcar a los medios inc\u00f3modos.<\/p>\n\n\n\n<p>El simplismo con el que se desenvuelve todo aquel que se convierte en pol\u00edtico no le permite comprender la trascendencia de la labor social de los medios. En su ignorancia asumen que las redes sociales convierten a todo aquel que tenga un tel\u00e9fono en un periodista, pero es totalmente falso.<\/p>\n\n\n\n<p>En primer lugar, la existencia de medios es indispensable en toda sociedad democr\u00e1tica.&nbsp;Es portadora&nbsp;de&nbsp;la voz de la sociedad, pero tambi\u00e9n&nbsp;editorializa e interpreta&nbsp;esas voces a las que desde el poder se les da la espalda.&nbsp;<\/p>\n\n\n\n<p>Estar en contacto permanente con las diversas realidades le otorga al profesional de los medios una ventaja&nbsp;de&nbsp;la que carece el aficionado de las redes sociales: el conocimiento de los contextos de los hechos&nbsp;otorga una gran ventaja y permite una mejor comprensi\u00f3n&nbsp;de \u00e9stos.<\/p>\n\n\n\n<p>En estos momentos sabemos qui\u00e9n ser\u00e1 el pr\u00f3ximo gobernador de Oaxaca. Esperamos que su administraci\u00f3n sea respetuosa del trabajo de cientos de hombres&nbsp;y mujeres que&nbsp;realizan&nbsp;tan importante labor.&nbsp;<\/p>\n\n\n\n<p>Debe entender que la prensa es un ecosistema plural, en donde caben todas las voces y expresiones y debe tener la tolerancia, inclusi\u00f3n y madurez personal&nbsp;para saber tratar con todos,&nbsp;porque ser periodista es ser cr\u00edtico y contrapeso del poder, es&nbsp;la&nbsp;raz\u00f3n de ser de todos los medios del mundo.<\/p>\n\n\n\n<p>Concluye un sexenio m\u00e1s, pronto&nbsp;ser\u00e1 historia el futuro exgobernador, pero&nbsp;la prensa&nbsp;sigue y seguir\u00e1&nbsp;cuando \u00e9l se vaya de Oaxaca.&nbsp;<\/p>\n\n\n\n<p>No es al poder, es a la gente a quien se debe servir, por ella y en su nombre,&nbsp;la prensa es la primera l\u00ednea de la defensa de nuestras libertades.<\/p>\n\n\n\n<p>Azuzada&nbsp;por el discurso del odio&nbsp;desde el gobierno,&nbsp;la sociedad se ha vuelto agresiva e intolerante&nbsp;con los medios.&nbsp;De forma perversa,&nbsp;los pol\u00edticos han desviado la atenci\u00f3n y&nbsp;la&nbsp;han convertido&nbsp;en&nbsp;la causante&nbsp;de la tragedia de inseguridad, corrupci\u00f3n e ineficiencia.&nbsp;<\/p>\n\n\n\n<p>Los linchamientos digitales, los insultos, las amenazas y las descalificaciones son&nbsp;el pago que se recibe por un trabajo tan riesgoso&nbsp;e indispensable en un pa\u00eds de libertades.<\/p>\n\n\n\n<p>La semana pasada se&nbsp;celebr\u00f3, como cada a\u00f1o, el D\u00eda&nbsp;de la&nbsp;Libertad de&nbsp;Expresi\u00f3n. Pas\u00f3 de noche, no hubo&nbsp;ni siquiera menciones desde el oficialismo&nbsp;debido a su aversi\u00f3n a la prensa. Es lo de menos, lo importante&nbsp;es poner atenci\u00f3n a los continuos intentos de limitarla y sustituirla por fan\u00e1ticos&nbsp;aduladores que carecen de voz propia puesto que solo repiten&nbsp;la voz del amo.<\/p>\n\n\n\n<p>La frase&nbsp;de&nbsp;intenci\u00f3n de matar de hambre a los medios dicha por el impresentable l\u00edder priista \u201cAlito\u201d Moreno es una muestra de que, para los gobernantes,&nbsp;el mejor periodista es el periodista muerto. Quieren una sociedad callada y sometida, sin voces disidentes. El sue\u00f1o de muchos pol\u00edticos es el poder eterno y autoritario.<\/p>\n\n\n\n<p>Twitter @nestoryuri<\/p>\n","protected":false},"excerpt":{"rendered":"<p>N\u00e9stor Y. S\u00e1nchez Islas&nbsp; Nada que ver con aquel a\u00f1o de 1951 en que el&hellip;<\/p>\n","protected":false},"author":2,"featured_media":41861,"comment_status":"closed","ping_status":"open","sticky":false,"template":"","format":"standard","meta":{"_lmt_disableupdate":"","_lmt_disable":"","_jetpack_memberships_contains_paid_content":false,"footnotes":""},"categories":[456,109],"tags":[3050],"class_list":["post-42404","post","type-post","status-publish","format-standard","has-post-thumbnail","hentry","category-columna","category-minuto-a-minuto","tag-nestor-yuri-sanchez"],"jetpack_featured_media_url":"https:\/\/zonaroja.com.mx\/wp-content\/uploads\/2022\/05\/Opinion-Nestor-Yuri-Sanchez-Islas.jpg","jetpack_sharing_enabled":true,"_links":{"self":[{"href":"https:\/\/zonaroja.com.mx\/index.php?rest_route=\/wp\/v2\/posts\/42404","targetHints":{"allow":["GET"]}}],"collection":[{"href":"https:\/\/zonaroja.com.mx\/index.php?rest_route=\/wp\/v2\/posts"}],"about":[{"href":"https:\/\/zonaroja.com.mx\/index.php?rest_route=\/wp\/v2\/types\/post"}],"author":[{"embeddable":true,"href":"https:\/\/zonaroja.com.mx\/index.php?rest_route=\/wp\/v2\/users\/2"}],"replies":[{"embeddable":true,"href":"https:\/\/zonaroja.com.mx\/index.php?rest_route=%2Fwp%2Fv2%2Fcomments&post=42404"}],"version-history":[{"count":1,"href":"https:\/\/zonaroja.com.mx\/index.php?rest_route=\/wp\/v2\/posts\/42404\/revisions"}],"predecessor-version":[{"id":42405,"href":"https:\/\/zonaroja.com.mx\/index.php?rest_route=\/wp\/v2\/posts\/42404\/revisions\/42405"}],"wp:featuredmedia":[{"embeddable":true,"href":"https:\/\/zonaroja.com.mx\/index.php?rest_route=\/wp\/v2\/media\/41861"}],"wp:attachment":[{"href":"https:\/\/zonaroja.com.mx\/index.php?rest_route=%2Fwp%2Fv2%2Fmedia&parent=42404"}],"wp:term":[{"taxonomy":"category","embeddable":true,"href":"https:\/\/zonaroja.com.mx\/index.php?rest_route=%2Fwp%2Fv2%2Fcategories&post=42404"},{"taxonomy":"post_tag","embeddable":true,"href":"https:\/\/zonaroja.com.mx\/index.php?rest_route=%2Fwp%2Fv2%2Ftags&post=42404"}],"curies":[{"name":"wp","href":"https:\/\/api.w.org\/{rel}","templated":true}]}}