{"id":42406,"date":"2022-06-15T07:22:57","date_gmt":"2022-06-15T12:22:57","guid":{"rendered":"http:\/\/www.zonaroja.com.mx\/?p=42406"},"modified":"2022-06-15T07:22:58","modified_gmt":"2022-06-15T12:22:58","slug":"imparten-a-personal-del-centro-de-justiciaalternativa-curso-sobre-servicio-publico","status":"publish","type":"post","link":"https:\/\/zonaroja.com.mx\/?p=42406","title":{"rendered":"Imparten a personal del Centro de JusticiaAlternativa curso sobre servicio p\u00fablico"},"content":{"rendered":"\n<p>Redacci\u00f3n\/Zona Roja.<\/p>\n\n\n\n<p>Oaxaca de Ju\u00e1rez, Oa., 15 de junio de 2022.- Con el objetivo de analizar y reflexionar sobre la funci\u00f3n p\u00fablica, las competencias personales, la \u00e9tica, y&nbsp;trato entre compa\u00f1eras&nbsp;y compa\u00f1eros&nbsp;de trabajo para fortalecer&nbsp;los&nbsp;lazos laborales&nbsp;y atenci\u00f3n a usuarios,&nbsp;personal del Centro de Justicia Alternativa del Poder Judicial de Oaxaca, particip\u00f3 en el&nbsp;taller \u201cTrabajar en el servicio p\u00fablico en justicia alternativa\u201d.<\/p>\n\n\n\n<p>En la modalidad virtual,&nbsp;el doctor Santiago Ignacio Quiroz Villarreal, facilitador&nbsp;especializado en&nbsp;el&nbsp;Sistema Integral de Justicia Penal para Adolescentes,&nbsp;a trav\u00e9s de&nbsp;distintas&nbsp;din\u00e1micas&nbsp;abord\u00f3&nbsp;temas&nbsp;como:&nbsp;La \u00e9tica en el servicio p\u00fablico judicial, Los principios de acci\u00f3n, Libertad y miramientos, Competencias laborales, El autocontrol de la conducta y El privilegio de servir en el \u00e1mbito p\u00fablico.<\/p>\n\n\n\n<p>Al respecto, la&nbsp;jefa del Departamento de Mediaci\u00f3n P\u00fablica, Privada, Conciliaci\u00f3n Penal y Justicia Restaurativa,&nbsp;Rosario Martell Garc\u00eda, destac\u00f3&nbsp;que&nbsp;esta actividad&nbsp;busca desarrollar los valores fundamentales que debe de tener un&nbsp;servidor p\u00fablico para brindar un servicio de manera \u00e9tica y cordial a quienes hacen uso&nbsp;de los servicios que presta este&nbsp;Centro de Justicia Alternativa.&nbsp;<\/p>\n\n\n\n<p>Asimismo, se\u00f1al\u00f3 que para el Poder Judicial de Oaxaca es prioritaria la capacitaci\u00f3n continua de las y los servidores p\u00fablicos ya que con ello se abona en la mejora de los servicios que brinda esta instituci\u00f3n ya a consolidar una impartici\u00f3n de justicia eficiente que responda a las demandas de la sociedad.<\/p>\n\n\n\n<p>El Centro de Justicia Alternativa, es un \u00f3rgano especializado en el que las personas acceden a la justicia pronta, humana y gratuita, prevaleciendo la voluntad en todo momento a fin de resolver sus conflictos en forma extraprocesal, evitando procedimientos jurisdiccionales.&nbsp;Para mayor informaci\u00f3n sobre los servicios se encuentra disponible el n\u00famero telef\u00f3nico 800 821 67 89.<\/p>\n","protected":false},"excerpt":{"rendered":"<p>Redacci\u00f3n\/Zona Roja. Oaxaca de Ju\u00e1rez, Oa., 15 de junio de 2022.- Con el objetivo de&hellip;<\/p>\n","protected":false},"author":2,"featured_media":42407,"comment_status":"closed","ping_status":"open","sticky":false,"template":"","format":"standard","meta":{"_lmt_disableupdate":"","_lmt_disable":"","_jetpack_memberships_contains_paid_content":false,"footnotes":""},"categories":[109,46],"tags":[223],"class_list":["post-42406","post","type-post","status-publish","format-standard","has-post-thumbnail","hentry","category-minuto-a-minuto","category-zona-blanca","tag-poder-judicial-de-oaxaca"],"jetpack_featured_media_url":"https:\/\/zonaroja.com.mx\/wp-content\/uploads\/2022\/06\/Capacitacion-Poder-Judicial.jpg","jetpack_sharing_enabled":true,"_links":{"self":[{"href":"https:\/\/zonaroja.com.mx\/index.php?rest_route=\/wp\/v2\/posts\/42406","targetHints":{"allow":["GET"]}}],"collection":[{"href":"https:\/\/zonaroja.com.mx\/index.php?rest_route=\/wp\/v2\/posts"}],"about":[{"href":"https:\/\/zonaroja.com.mx\/index.php?rest_route=\/wp\/v2\/types\/post"}],"author":[{"embeddable":true,"href":"https:\/\/zonaroja.com.mx\/index.php?rest_route=\/wp\/v2\/users\/2"}],"replies":[{"embeddable":true,"href":"https:\/\/zonaroja.com.mx\/index.php?rest_route=%2Fwp%2Fv2%2Fcomments&post=42406"}],"version-history":[{"count":1,"href":"https:\/\/zonaroja.com.mx\/index.php?rest_route=\/wp\/v2\/posts\/42406\/revisions"}],"predecessor-version":[{"id":42408,"href":"https:\/\/zonaroja.com.mx\/index.php?rest_route=\/wp\/v2\/posts\/42406\/revisions\/42408"}],"wp:featuredmedia":[{"embeddable":true,"href":"https:\/\/zonaroja.com.mx\/index.php?rest_route=\/wp\/v2\/media\/42407"}],"wp:attachment":[{"href":"https:\/\/zonaroja.com.mx\/index.php?rest_route=%2Fwp%2Fv2%2Fmedia&parent=42406"}],"wp:term":[{"taxonomy":"category","embeddable":true,"href":"https:\/\/zonaroja.com.mx\/index.php?rest_route=%2Fwp%2Fv2%2Fcategories&post=42406"},{"taxonomy":"post_tag","embeddable":true,"href":"https:\/\/zonaroja.com.mx\/index.php?rest_route=%2Fwp%2Fv2%2Ftags&post=42406"}],"curies":[{"name":"wp","href":"https:\/\/api.w.org\/{rel}","templated":true}]}}