{"id":42409,"date":"2022-06-15T07:39:06","date_gmt":"2022-06-15T12:39:06","guid":{"rendered":"http:\/\/www.zonaroja.com.mx\/?p=42409"},"modified":"2022-06-15T07:39:07","modified_gmt":"2022-06-15T12:39:07","slug":"mientras-se-aferra-al-pri-investigan-a-alejandro-moreno-en-campeche","status":"publish","type":"post","link":"https:\/\/zonaroja.com.mx\/?p=42409","title":{"rendered":"Mientras se aferra al PRI, investigan a Alejandro Moreno en Campeche"},"content":{"rendered":"\n<p>Redacci\u00f3n\/Zona Roja Cdmx.<\/p>\n\n\n\n<p>Ciudad de M\u00e9xico, 15 de junio de 2022.- En tanto que ayer logr\u00f3 el respaldo para continuar como presidente del Partido Revolucionario Institucional (PRI), Alejandro Moreno C\u00e1rdenas es investigado en su natal Campeche.<\/p>\n\n\n\n<p>Ayer, personal de la Fiscal\u00eda General del Estado de Campeche realiz\u00f3 una revisi\u00f3n en inmediaciones de uno de sus domicilios, ubicado en el fraccionamiento Lomas del Castillo.<\/p>\n\n\n\n<p>De acuerdo con medios informativos locales, la diligencia es parte de la investigaci\u00f3n que se lleva a cabo en contra del dirigente priista, por presunto enriquecimiento il\u00edcito.<\/p>\n\n\n\n<p>Las revisiones comenzaron despu\u00e9s de que la gobernadora de Campeche, Layda Elena Sansores San&nbsp; Rom\u00e1n, diera a conocer audios en los que se le involucra al l\u00edder priista con la compra-venta de predios en el estado.&nbsp;<\/p>\n\n\n\n<p>Y SE AFERRA<\/p>\n\n\n\n<p>Casi a la misma hora de ayer en la Ciudad de M\u00e9xico, aunque reconocieron que hay golpeteo pol\u00edtico contra Alejandro Moreno, ex dirigentes nacionales del PRI no hicieron un cierre de filas con su l\u00edder, sino con el partido y la necesidad de fortalecerlo.<\/p>\n\n\n\n<p>Tras reunirse durante cinco horas con Dulce Mar\u00eda Sauri, Roberto Madrazo, Beatriz Paredes, Pedro Joaqu\u00edn Coldwell, C\u00e9sar Camacho y Claudia Ruiz Massieu, entre otros, Alito descart\u00f3 dejar la dirigencia antes de agosto de 2023, cuando termina su cargo.<\/p>\n\n\n\n<p>En conferencia, y arropado por los liderazgos estatales del PRI, Moreno admiti\u00f3 que s\u00ed le pidieron su salida, aunque dej\u00f3 en claro que no se va. Prometi\u00f3 cambios en el Consejo Ejecutivo Nacional y el Consejo Pol\u00edtico Nacional, pero no habl\u00f3 de fechas.<\/p>\n\n\n\n<p>(Con informaci\u00f3n de \u201cExc\u00e9lsior\u201d)<\/p>\n","protected":false},"excerpt":{"rendered":"<p>Redacci\u00f3n\/Zona Roja Cdmx. Ciudad de M\u00e9xico, 15 de junio de 2022.- En tanto que ayer&hellip;<\/p>\n","protected":false},"author":2,"featured_media":42410,"comment_status":"closed","ping_status":"open","sticky":false,"template":"","format":"standard","meta":{"_lmt_disableupdate":"","_lmt_disable":"","_jetpack_memberships_contains_paid_content":false,"footnotes":""},"categories":[109,47],"tags":[314],"class_list":["post-42409","post","type-post","status-publish","format-standard","has-post-thumbnail","hentry","category-minuto-a-minuto","category-zona-gris","tag-alejandro-moreno-cardenas"],"jetpack_featured_media_url":"https:\/\/zonaroja.com.mx\/wp-content\/uploads\/2022\/06\/Alejandro-Moreno-reunion-PRI-ex-presidentes.jpeg","jetpack_sharing_enabled":true,"_links":{"self":[{"href":"https:\/\/zonaroja.com.mx\/index.php?rest_route=\/wp\/v2\/posts\/42409","targetHints":{"allow":["GET"]}}],"collection":[{"href":"https:\/\/zonaroja.com.mx\/index.php?rest_route=\/wp\/v2\/posts"}],"about":[{"href":"https:\/\/zonaroja.com.mx\/index.php?rest_route=\/wp\/v2\/types\/post"}],"author":[{"embeddable":true,"href":"https:\/\/zonaroja.com.mx\/index.php?rest_route=\/wp\/v2\/users\/2"}],"replies":[{"embeddable":true,"href":"https:\/\/zonaroja.com.mx\/index.php?rest_route=%2Fwp%2Fv2%2Fcomments&post=42409"}],"version-history":[{"count":1,"href":"https:\/\/zonaroja.com.mx\/index.php?rest_route=\/wp\/v2\/posts\/42409\/revisions"}],"predecessor-version":[{"id":42411,"href":"https:\/\/zonaroja.com.mx\/index.php?rest_route=\/wp\/v2\/posts\/42409\/revisions\/42411"}],"wp:featuredmedia":[{"embeddable":true,"href":"https:\/\/zonaroja.com.mx\/index.php?rest_route=\/wp\/v2\/media\/42410"}],"wp:attachment":[{"href":"https:\/\/zonaroja.com.mx\/index.php?rest_route=%2Fwp%2Fv2%2Fmedia&parent=42409"}],"wp:term":[{"taxonomy":"category","embeddable":true,"href":"https:\/\/zonaroja.com.mx\/index.php?rest_route=%2Fwp%2Fv2%2Fcategories&post=42409"},{"taxonomy":"post_tag","embeddable":true,"href":"https:\/\/zonaroja.com.mx\/index.php?rest_route=%2Fwp%2Fv2%2Ftags&post=42409"}],"curies":[{"name":"wp","href":"https:\/\/api.w.org\/{rel}","templated":true}]}}