{"id":42415,"date":"2022-06-15T08:31:24","date_gmt":"2022-06-15T13:31:24","guid":{"rendered":"http:\/\/www.zonaroja.com.mx\/?p=42415"},"modified":"2022-06-15T08:31:26","modified_gmt":"2022-06-15T13:31:26","slug":"red-estatal-de-victimas-pide-justicia-para-ex-edil-de-loxicha-asesinado","status":"publish","type":"post","link":"https:\/\/zonaroja.com.mx\/?p=42415","title":{"rendered":"Red Estatal de V\u00edctimas pide justicia para ex edil de Loxicha asesinado"},"content":{"rendered":"\n<p>Redacci\u00f3n\/Zona Roja.<\/p>\n\n\n\n<p>Oaxaca de Ju\u00e1rez, Oax., 15 de junio de 2022.- La Red Estatal de V\u00edctimas de Oaxaca demand\u00f3 justicia Pedro V\u00e1squez Ram\u00edrez, ex edil de San Agust\u00edn Loxicha asesinado ayer en el centro de dicho municipio.<\/p>\n\n\n\n<p>Adem\u00e1s, conden\u00f3 el crimen de quien identificaron como dirigente del Consejo de Comunidades Ind\u00edgenas de la Regi\u00f3n Loxicha y Sierra Sur (CCIRLSS).<\/p>\n\n\n\n<p>\u201cEl compa\u00f1ero Pedro V\u00e1squez fue presidente municipal de Loxicha y se destac\u00f3 por su lucha contra el cacicazgo de \u00d3scar Valencia (actual coordinador de Protecci\u00f3n Civil de Oaxaca) y dem\u00e1s esbirros del PRI (Flavio P\u00e9rez P\u00e9rez, Genaro Hern\u00e1ndez Jim\u00e9nez, Cristian \u00c9der Carre\u00f1o L\u00f3pez) que han intentado socavar el proceso democr\u00e1tico de la regi\u00f3n\u201d, indic\u00f3 en un comunicado.<\/p>\n\n\n\n<p>Expuso que este asesinato se suma a las constantes agresiones contra el movimiento social oaxaque\u00f1o y asesinatos de luchadores sociales, \u201ccon el af\u00e1n de debilitar la lucha por una vida m\u00e1s justa y equitativa\u201d.<\/p>\n\n\n\n<p>\u201cNos declaramos atentos ante el llamado a la movilizaci\u00f3n y prestos para el combate callejero\u201d, remarcaron las organizaciones que conforman el Frente, entre ellos el Movimiento de Unificaci\u00f3n y Lucha Triqui (MULT), el Comit\u00e9 de V\u00edctimas de Nochixtl\u00e1n, el Bloque Comunitario del Sur y el Frente Popular Revolucionario (FPR), entre otros.<\/p>\n\n\n\n<figure class=\"wp-block-image size-large\"><a href=\"http:\/\/www.zonaroja.com.mx\/wp-content\/uploads\/2022\/06\/Desplegado-asesinato-Pedro-Vasquez-Ramirez-Loxicha.jpg\" data-rel=\"penci-gallery-image-content\" ><img decoding=\"async\" width=\"661\" height=\"1024\" src=\"http:\/\/www.zonaroja.com.mx\/wp-content\/uploads\/2022\/06\/Desplegado-asesinato-Pedro-Vasquez-Ramirez-Loxicha-661x1024.jpg\" alt=\"\" class=\"wp-image-42417\" srcset=\"https:\/\/zonaroja.com.mx\/wp-content\/uploads\/2022\/06\/Desplegado-asesinato-Pedro-Vasquez-Ramirez-Loxicha-661x1024.jpg 661w, https:\/\/zonaroja.com.mx\/wp-content\/uploads\/2022\/06\/Desplegado-asesinato-Pedro-Vasquez-Ramirez-Loxicha-194x300.jpg 194w, https:\/\/zonaroja.com.mx\/wp-content\/uploads\/2022\/06\/Desplegado-asesinato-Pedro-Vasquez-Ramirez-Loxicha-585x907.jpg 585w, https:\/\/zonaroja.com.mx\/wp-content\/uploads\/2022\/06\/Desplegado-asesinato-Pedro-Vasquez-Ramirez-Loxicha.jpg 720w\" sizes=\"(max-width: 661px) 100vw, 661px\" \/><\/a><\/figure>\n","protected":false},"excerpt":{"rendered":"<p>Redacci\u00f3n\/Zona Roja. Oaxaca de Ju\u00e1rez, Oax., 15 de junio de 2022.- La Red Estatal de&hellip;<\/p>\n","protected":false},"author":2,"featured_media":42416,"comment_status":"closed","ping_status":"open","sticky":false,"template":"","format":"standard","meta":{"_lmt_disableupdate":"","_lmt_disable":"","_jetpack_memberships_contains_paid_content":false,"footnotes":""},"categories":[109,47],"tags":[3163,829],"class_list":["post-42415","post","type-post","status-publish","format-standard","has-post-thumbnail","hentry","category-minuto-a-minuto","category-zona-gris","tag-pedro-vasquez-ramirez","tag-san-agustin-loxicha"],"jetpack_featured_media_url":"https:\/\/zonaroja.com.mx\/wp-content\/uploads\/2022\/06\/Pedro-Vasquez-Ramirez.jpg","jetpack_sharing_enabled":true,"_links":{"self":[{"href":"https:\/\/zonaroja.com.mx\/index.php?rest_route=\/wp\/v2\/posts\/42415","targetHints":{"allow":["GET"]}}],"collection":[{"href":"https:\/\/zonaroja.com.mx\/index.php?rest_route=\/wp\/v2\/posts"}],"about":[{"href":"https:\/\/zonaroja.com.mx\/index.php?rest_route=\/wp\/v2\/types\/post"}],"author":[{"embeddable":true,"href":"https:\/\/zonaroja.com.mx\/index.php?rest_route=\/wp\/v2\/users\/2"}],"replies":[{"embeddable":true,"href":"https:\/\/zonaroja.com.mx\/index.php?rest_route=%2Fwp%2Fv2%2Fcomments&post=42415"}],"version-history":[{"count":1,"href":"https:\/\/zonaroja.com.mx\/index.php?rest_route=\/wp\/v2\/posts\/42415\/revisions"}],"predecessor-version":[{"id":42418,"href":"https:\/\/zonaroja.com.mx\/index.php?rest_route=\/wp\/v2\/posts\/42415\/revisions\/42418"}],"wp:featuredmedia":[{"embeddable":true,"href":"https:\/\/zonaroja.com.mx\/index.php?rest_route=\/wp\/v2\/media\/42416"}],"wp:attachment":[{"href":"https:\/\/zonaroja.com.mx\/index.php?rest_route=%2Fwp%2Fv2%2Fmedia&parent=42415"}],"wp:term":[{"taxonomy":"category","embeddable":true,"href":"https:\/\/zonaroja.com.mx\/index.php?rest_route=%2Fwp%2Fv2%2Fcategories&post=42415"},{"taxonomy":"post_tag","embeddable":true,"href":"https:\/\/zonaroja.com.mx\/index.php?rest_route=%2Fwp%2Fv2%2Ftags&post=42415"}],"curies":[{"name":"wp","href":"https:\/\/api.w.org\/{rel}","templated":true}]}}