{"id":42429,"date":"2022-06-15T19:12:23","date_gmt":"2022-06-16T00:12:23","guid":{"rendered":"http:\/\/www.zonaroja.com.mx\/?p=42429"},"modified":"2022-06-15T19:12:25","modified_gmt":"2022-06-16T00:12:25","slug":"asesinan-a-una-joven-estudiante-en-municipio-de-la-region-mixteca-de-oaxaca","status":"publish","type":"post","link":"https:\/\/zonaroja.com.mx\/?p=42429","title":{"rendered":"Asesinan a una joven estudiante en municipio de la regi\u00f3n Mixteca de Oaxaca"},"content":{"rendered":"\n<p>Ismael Garc\u00eda M.\/Zona Roja.<\/p>\n\n\n\n<p>Oaxaca de Ju\u00e1rez, Oax., 15 de junio de 2022.- Una joven estudiante fue asesinada y encerrada en un remolque, en Santiago Yolom\u00e9catl, municipio de la regi\u00f3n Mixteca de Oaxaca.<\/p>\n\n\n\n<p>La v\u00edctima fue identificada como J\u00e9ssica V., quien era alumna de la carrera de Medicina Integral y Salud Comunitaria, de la Universidad Bienestar \u201cBenito Ju\u00e1rez\u201d.<\/p>\n\n\n\n<p>De acuerdo con los primeros reportes, la mujer presuntamente presenta huellas de tortura y fue hallada semidesnuda en un remolque de una camioneta que transportaba frutas, estacionado en la calle Independencia.<\/p>\n\n\n\n<p>De manera preliminar se inform\u00f3 que la unidad de motor marca Ford, tipo Lobo, con placas de circulaci\u00f3n HD-8807B, es Andr\u00e9s G. P., quien tiene un negocio en la zona.<\/p>\n\n\n\n<p>Personal de la Vicefiscal\u00eda Regional de la Mixteca inici\u00f3 las indagatorias correspondientes bajo los protocolos de feminicidio, con la finalidad de deslindar responsabilidades y hallar al o los responsables del feminicidio.<\/p>\n\n\n\n<p>En tanto, la organizaci\u00f3n Marea Verde Mixteca prepara una movilizaci\u00f3n para ma\u00f1ana en dicho municipio de la regi\u00f3n.<\/p>\n","protected":false},"excerpt":{"rendered":"<p>Ismael Garc\u00eda M.\/Zona Roja. Oaxaca de Ju\u00e1rez, Oax., 15 de junio de 2022.- Una joven&hellip;<\/p>\n","protected":false},"author":2,"featured_media":42430,"comment_status":"closed","ping_status":"open","sticky":false,"template":"","format":"standard","meta":{"_lmt_disableupdate":"","_lmt_disable":"","_jetpack_memberships_contains_paid_content":false,"footnotes":""},"categories":[109,51],"tags":[610,3125],"class_list":["post-42429","post","type-post","status-publish","format-standard","has-post-thumbnail","hentry","category-minuto-a-minuto","category-zona-roja","tag-feminicidios-oaxaca","tag-santiago-yolomecatl"],"jetpack_featured_media_url":"https:\/\/zonaroja.com.mx\/wp-content\/uploads\/2022\/06\/Jessica-V.-Santiago-Yolomecatl-Oaxaca.jpg","jetpack_sharing_enabled":true,"_links":{"self":[{"href":"https:\/\/zonaroja.com.mx\/index.php?rest_route=\/wp\/v2\/posts\/42429","targetHints":{"allow":["GET"]}}],"collection":[{"href":"https:\/\/zonaroja.com.mx\/index.php?rest_route=\/wp\/v2\/posts"}],"about":[{"href":"https:\/\/zonaroja.com.mx\/index.php?rest_route=\/wp\/v2\/types\/post"}],"author":[{"embeddable":true,"href":"https:\/\/zonaroja.com.mx\/index.php?rest_route=\/wp\/v2\/users\/2"}],"replies":[{"embeddable":true,"href":"https:\/\/zonaroja.com.mx\/index.php?rest_route=%2Fwp%2Fv2%2Fcomments&post=42429"}],"version-history":[{"count":1,"href":"https:\/\/zonaroja.com.mx\/index.php?rest_route=\/wp\/v2\/posts\/42429\/revisions"}],"predecessor-version":[{"id":42431,"href":"https:\/\/zonaroja.com.mx\/index.php?rest_route=\/wp\/v2\/posts\/42429\/revisions\/42431"}],"wp:featuredmedia":[{"embeddable":true,"href":"https:\/\/zonaroja.com.mx\/index.php?rest_route=\/wp\/v2\/media\/42430"}],"wp:attachment":[{"href":"https:\/\/zonaroja.com.mx\/index.php?rest_route=%2Fwp%2Fv2%2Fmedia&parent=42429"}],"wp:term":[{"taxonomy":"category","embeddable":true,"href":"https:\/\/zonaroja.com.mx\/index.php?rest_route=%2Fwp%2Fv2%2Fcategories&post=42429"},{"taxonomy":"post_tag","embeddable":true,"href":"https:\/\/zonaroja.com.mx\/index.php?rest_route=%2Fwp%2Fv2%2Ftags&post=42429"}],"curies":[{"name":"wp","href":"https:\/\/api.w.org\/{rel}","templated":true}]}}