{"id":42432,"date":"2022-06-15T19:46:17","date_gmt":"2022-06-16T00:46:17","guid":{"rendered":"http:\/\/www.zonaroja.com.mx\/?p=42432"},"modified":"2022-06-15T19:51:01","modified_gmt":"2022-06-16T00:51:01","slug":"dirigente-de-transportistas-intenta-rematar-a-individuo-en-clinica-de-oaxaca","status":"publish","type":"post","link":"https:\/\/zonaroja.com.mx\/?p=42432","title":{"rendered":"Dirigente de transportistas intenta rematar a individuo en cl\u00ednica de Oaxaca"},"content":{"rendered":"\n<p>Redacci\u00f3n\/Zona Roja.<\/p>\n\n\n\n<p>Oaxaca de Ju\u00e1rez, Oax., 15 de junio de 2022.- Un grupo armado presuntamente encabezado por Hip\u00f3lito Rojas, dirigente de la Confederaci\u00f3n Internacional de Trabajadores en Oaxaca (CITO), pretendi\u00f3 rematar a un dirigente de transportistas en una cl\u00ednica de la capital.<\/p>\n\n\n\n<p>Minutos antes de las 17:00 horas ingresaron varios sujetos, entre ellos Hip\u00f3lito -ex dirigente de la CTM en Salina Cruz-, a la cl\u00ednica 2002, ubicada en la calle Emilio Carranza casi esquina con Heroico Colegio Militar, de la colonia Reforma.<\/p>\n\n\n\n<p>Supuestamente iban a una consulta m\u00e9dica, pero en el nosocomio privado recibe atenci\u00f3n m\u00e9dica -desde el 13 de junio- Eduardo Luis Villaseca, dirigente de transportistas de la Confederaci\u00f3n Joven.<\/p>\n\n\n\n<p>Supuestamente los sicarios lo iban a rematar, pues la noche del pasado lunes este \u00faltimo fue agredido a balazos tras la disputa de un sitio de taxis, en el Perif\u00e9rico esquina con avenida S\u00edmbolos Patrios de la capital oaxaque\u00f1a.<\/p>\n\n\n\n<p>\u201cEst\u00e1bamos acompa\u00f1ando a nuestro compa\u00f1ero Luis Villaseca, que el pasado lunes tuvo un atentado, donde le dieron dos disparos; est\u00e1bamos haciendo una guardia y en eso vimos con una camioneta con personas armadas, que bajaron y entraron hasta arriba, al tercer piso.<\/p>\n\n\n\n<p>\u201cCuando nos percatamos vimos que era Hip\u00f3lito Rojas, quien ven\u00eda con dos personas armadas; cortaron cartucho y dijeron que quit\u00e1ramos las denuncias en contra de los detenidos (del pasado lunes) porque si no, nos iban a matar, ven\u00edan a rematar a Eduardo Luis Villaseca\u201d, dijeron familiares e integrantes de Confederaci\u00f3n Joven, quienes insistieron tambi\u00e9n en la detenci\u00f3n de Marcos S\u00e1nchez.<\/p>\n\n\n\n<p>La Secretar\u00eda de Seguridad P\u00fablica de Oaxaca (SSPO) inform\u00f3 que la detenci\u00f3n de las personas se efectu\u00f3 sin ning\u00fan disparo de arma de fuego, y la oportuna intervenci\u00f3n se dio gracias a una alerta al n\u00famero de emergencias 911.<\/p>\n\n\n\n<figure class=\"wp-block-embed is-type-rich is-provider-twitter wp-block-embed-twitter\"><div class=\"wp-block-embed__wrapper\">\n<div class=\"twitter-tweet\"><blockquote class=\"twitter-tweet\" data-lang=\"es\"><p lang=\"es\" dir=\"ltr\"><a href=\"https:\/\/twitter.com\/hashtag\/%C3%9AltimoMinuto?src=hash&amp;ref_src=twsrc%5Etfw\">#\u00daltimoMinuto<\/a> <br>As\u00ed narran familiares de Eduardo Luis Villaseca la llegada de los presuntos sicarios a la cl\u00ednica, entre ellos Hip\u00f3lito Rojas, dirigente de la CITO, para intentar rematar el l\u00edder de transportistas, que fue baleado hace dos d\u00edas en la capital oaxaque\u00f1a. <a href=\"https:\/\/t.co\/NcAAsYXkTB\">pic.twitter.com\/NcAAsYXkTB<\/a><\/p>&mdash; Zona Roja Oaxaca (@ZonaRoja_Oaxaca) <a href=\"https:\/\/twitter.com\/ZonaRoja_Oaxaca\/status\/1537211684879683585?ref_src=twsrc%5Etfw\">15 de junio de 2022<\/a><\/blockquote><\/div>\n<\/div><\/figure>\n","protected":false},"excerpt":{"rendered":"<p>Redacci\u00f3n\/Zona Roja. Oaxaca de Ju\u00e1rez, Oax., 15 de junio de 2022.- Un grupo armado presuntamente&hellip;<\/p>\n","protected":false},"author":2,"featured_media":42433,"comment_status":"closed","ping_status":"open","sticky":false,"template":"","format":"standard","meta":{"_lmt_disableupdate":"","_lmt_disable":"","_jetpack_memberships_contains_paid_content":false,"footnotes":""},"categories":[109,47],"tags":[3164],"class_list":["post-42432","post","type-post","status-publish","format-standard","has-post-thumbnail","hentry","category-minuto-a-minuto","category-zona-gris","tag-hipolito-rojas"],"jetpack_featured_media_url":"https:\/\/zonaroja.com.mx\/wp-content\/uploads\/2022\/06\/Detencion-Hipolito-Rojas-CIT-clinica-Oaxaca.jpg","jetpack_sharing_enabled":true,"_links":{"self":[{"href":"https:\/\/zonaroja.com.mx\/index.php?rest_route=\/wp\/v2\/posts\/42432","targetHints":{"allow":["GET"]}}],"collection":[{"href":"https:\/\/zonaroja.com.mx\/index.php?rest_route=\/wp\/v2\/posts"}],"about":[{"href":"https:\/\/zonaroja.com.mx\/index.php?rest_route=\/wp\/v2\/types\/post"}],"author":[{"embeddable":true,"href":"https:\/\/zonaroja.com.mx\/index.php?rest_route=\/wp\/v2\/users\/2"}],"replies":[{"embeddable":true,"href":"https:\/\/zonaroja.com.mx\/index.php?rest_route=%2Fwp%2Fv2%2Fcomments&post=42432"}],"version-history":[{"count":2,"href":"https:\/\/zonaroja.com.mx\/index.php?rest_route=\/wp\/v2\/posts\/42432\/revisions"}],"predecessor-version":[{"id":42435,"href":"https:\/\/zonaroja.com.mx\/index.php?rest_route=\/wp\/v2\/posts\/42432\/revisions\/42435"}],"wp:featuredmedia":[{"embeddable":true,"href":"https:\/\/zonaroja.com.mx\/index.php?rest_route=\/wp\/v2\/media\/42433"}],"wp:attachment":[{"href":"https:\/\/zonaroja.com.mx\/index.php?rest_route=%2Fwp%2Fv2%2Fmedia&parent=42432"}],"wp:term":[{"taxonomy":"category","embeddable":true,"href":"https:\/\/zonaroja.com.mx\/index.php?rest_route=%2Fwp%2Fv2%2Fcategories&post=42432"},{"taxonomy":"post_tag","embeddable":true,"href":"https:\/\/zonaroja.com.mx\/index.php?rest_route=%2Fwp%2Fv2%2Ftags&post=42432"}],"curies":[{"name":"wp","href":"https:\/\/api.w.org\/{rel}","templated":true}]}}