{"id":42436,"date":"2022-06-15T22:02:50","date_gmt":"2022-06-16T03:02:50","guid":{"rendered":"http:\/\/www.zonaroja.com.mx\/?p=42436"},"modified":"2022-06-15T22:02:52","modified_gmt":"2022-06-16T03:02:52","slug":"bloqueos-gobiernan-oaxaca-persisten-manifestaciones-a-mitad-de-semana","status":"publish","type":"post","link":"https:\/\/zonaroja.com.mx\/?p=42436","title":{"rendered":"Bloqueos gobiernan Oaxaca, persisten manifestaciones a mitad de semana"},"content":{"rendered":"\n<p>Yuridiana Sosa\/Zona Roja.<\/p>\n\n\n\n<p>Oaxaca de Ju\u00e1rez, Oax., 15 de junio de 2022.- &nbsp;Las diversas muestras de inconformidad por los oaxaque\u00f1os contra las autoridades estatales mantienen la entidad en un cerco constante, mismas que a mitad de esta semana contin\u00faan.<\/p>\n\n\n\n<p>&nbsp;Por segundo d\u00eda consecutivo se encuentra cerrada la circulaci\u00f3n sobre la carretera federal 190 en el tramo Juchit\u00e1n-Tehuantepec, en la regi\u00f3n del Istmo, sin que ninguna autoridad intervenga para evitar mayores afectaciones a la poblaci\u00f3n, pues advierten que es indefinido.<\/p>\n\n\n\n<p>Los manifestantes exigen libertad para Nicandro F. detenido el fin de semana como el presunto responsable del asesinato del m\u00e9dico y activista de Morena, Carlos A. L. ocurrido el pasado 3 de junio.<\/p>\n\n\n\n<p>Son familiares y amigos que refieren que su detenci\u00f3n es injusta y es ocupado como \u201cchivo expiatorio\u201d en el caso, por lo que demandan a las autoridades estatales y de justicia se deje en libertad a Nicandro F. quien hasta el momento de su detenci\u00f3n fung\u00eda como delegado del Instituto Catastral del Estado (ICEO) en Juchit\u00e1n- Tapanatepec.<\/p>\n\n\n\n<p>En esa misma regi\u00f3n, en Mat\u00edas Romero Avenda\u00f1o, se instal\u00f3 esta tarde un bloqueo en el acceso a las poblaciones de San Gabriel y Nuevo Ubero de ese municipio, lo que afecta el tr\u00e1nsito en el tramo de Sayula- Alem\u00e1n, e impide el paso hacia Tuxtepec, en la Cuenca y al estado de Veracruz.<\/p>\n\n\n\n<p>OTRAS MANIFESTACIONES<\/p>\n\n\n\n<p>En la capital del estado, trabajadores del Hospital Civil \u201cDr. Aurelio Valdivieso\u201d realizaron por segundo d\u00eda bloqueos en la ciudad de Oaxaca para denunciar las carencias en insumos y exigir soluci\u00f3n a sus demandas.<\/p>\n\n\n\n<p>Durante la jornada de este mi\u00e9rcoles realizaron en momentos diferentes cierres a la circulaci\u00f3n en calles alrededor del hospital, as\u00ed como en el Centro Hist\u00f3rico, frente a las oficinas de los Servicios de Salud de Oaxaca para demandar una mesa de di\u00e1logo, pero no hay autoridad que los atienda.<\/p>\n\n\n\n<p>De la misma forma, contin\u00faa el bloqueo y manifestaci\u00f3n en carretera federal 182 en el tramo de Teotitl\u00e1n \u2013Huautla de Jim\u00e9nez, en la regi\u00f3n Ca\u00f1ada, para exigir obras acordadas con el Instituto Oaxaque\u00f1os Constructor de Infraestructura F\u00edsica Educativa (IOCIFED).<\/p>\n\n\n\n<p>Los padres de familia de la escuela primaria \u201cBenito Ju\u00e1rez\u201d demandan el cumplimiento de la construcci\u00f3n de sanitarios, aula de medios, biblioteca, direcci\u00f3n y piso para el patio, de lo cual la Secretar\u00eda General de Gobierno tiene conocimiento, pero no ha realizado nada a favor de las obras.<\/p>\n\n\n\n<p>En tanto, en el municipio de Zimatl\u00e1n de \u00c1lvarez, en la regi\u00f3n de Valles Centrales, padres de familia respaldados por la organizaci\u00f3n Consejo Nacional Ind\u00edgenas, se manifestaron en oficinas del Juzgado Mixto para exigir la guardia y custodia de sus hijos.<\/p>\n\n\n\n<p>Los tutores denunciaron corrupci\u00f3n y discriminaci\u00f3n por parte de las autoridades de este juzgado, especialmente por la secretaria Nancy Santiago Gonz\u00e1lez, quien entorpece sus procesos legales en los que aseguran comprobar violencia por parte de las madres de sus menores hijos.<\/p>\n","protected":false},"excerpt":{"rendered":"<p>Yuridiana Sosa\/Zona Roja. Oaxaca de Ju\u00e1rez, Oax., 15 de junio de 2022.- &nbsp;Las diversas muestras&hellip;<\/p>\n","protected":false},"author":2,"featured_media":42425,"comment_status":"closed","ping_status":"open","sticky":false,"template":"","format":"standard","meta":{"_lmt_disableupdate":"","_lmt_disable":"","_jetpack_memberships_contains_paid_content":false,"footnotes":""},"categories":[109,47],"tags":[2264],"class_list":["post-42436","post","type-post","status-publish","format-standard","has-post-thumbnail","hentry","category-minuto-a-minuto","category-zona-gris","tag-bloqueos-y-protestas-oaxaca"],"jetpack_featured_media_url":"https:\/\/zonaroja.com.mx\/wp-content\/uploads\/2022\/06\/Bloqueo-Juchitan-caso-detenido-Ferra.jpg","jetpack_sharing_enabled":true,"_links":{"self":[{"href":"https:\/\/zonaroja.com.mx\/index.php?rest_route=\/wp\/v2\/posts\/42436","targetHints":{"allow":["GET"]}}],"collection":[{"href":"https:\/\/zonaroja.com.mx\/index.php?rest_route=\/wp\/v2\/posts"}],"about":[{"href":"https:\/\/zonaroja.com.mx\/index.php?rest_route=\/wp\/v2\/types\/post"}],"author":[{"embeddable":true,"href":"https:\/\/zonaroja.com.mx\/index.php?rest_route=\/wp\/v2\/users\/2"}],"replies":[{"embeddable":true,"href":"https:\/\/zonaroja.com.mx\/index.php?rest_route=%2Fwp%2Fv2%2Fcomments&post=42436"}],"version-history":[{"count":1,"href":"https:\/\/zonaroja.com.mx\/index.php?rest_route=\/wp\/v2\/posts\/42436\/revisions"}],"predecessor-version":[{"id":42437,"href":"https:\/\/zonaroja.com.mx\/index.php?rest_route=\/wp\/v2\/posts\/42436\/revisions\/42437"}],"wp:featuredmedia":[{"embeddable":true,"href":"https:\/\/zonaroja.com.mx\/index.php?rest_route=\/wp\/v2\/media\/42425"}],"wp:attachment":[{"href":"https:\/\/zonaroja.com.mx\/index.php?rest_route=%2Fwp%2Fv2%2Fmedia&parent=42436"}],"wp:term":[{"taxonomy":"category","embeddable":true,"href":"https:\/\/zonaroja.com.mx\/index.php?rest_route=%2Fwp%2Fv2%2Fcategories&post=42436"},{"taxonomy":"post_tag","embeddable":true,"href":"https:\/\/zonaroja.com.mx\/index.php?rest_route=%2Fwp%2Fv2%2Ftags&post=42436"}],"curies":[{"name":"wp","href":"https:\/\/api.w.org\/{rel}","templated":true}]}}