{"id":42468,"date":"2022-06-16T15:17:30","date_gmt":"2022-06-16T20:17:30","guid":{"rendered":"http:\/\/www.zonaroja.com.mx\/?p=42468"},"modified":"2022-06-16T15:17:31","modified_gmt":"2022-06-16T20:17:31","slug":"con-protesta-hasta-con-el-perro-exigen-becas-para-sus-hijos-en-oaxaca","status":"publish","type":"post","link":"https:\/\/zonaroja.com.mx\/?p=42468","title":{"rendered":"Con protesta hasta con el perro, exigen becas para sus hijos en Oaxaca"},"content":{"rendered":"\n<p>Yuridiana Sosa\/Zona Roja.<\/p>\n\n\n\n<p>Oaxaca de Ju\u00e1rez, Oax., 16 de junio de 2022.- Ante presuntos actos de discriminaci\u00f3n por parte de la delegaci\u00f3n de Bienestar en Oaxaca, padres de familia de la escuela primaria \u201cNueva Amanecer\u201d de Cuil\u00e1pam de Guerrero se manifestaron para exigir becas para sus hijos, como ha ocurrido con otras instituciones de la comunidad.<\/p>\n\n\n\n<p>Las madres y padres de familia instalaron un bloqueo sobre las calles de Libres y Abasolo, en el Centro Hist\u00f3rico de Oaxaca, donde se ubican oficinas de esta dependencia federal; por medio de cartulinas exhibieron su demanda, pues el ciclo escolar est\u00e1 a punto de concluir.<\/p>\n\n\n\n<p>En otras escuelas de la poblaci\u00f3n, de la regi\u00f3n de Valles Centrales, se aplica el programa del gobierno de M\u00e9xico en la totalidad de la plantilla estudiantil, pero en la de \u201cNuevo Amanecer\u201d existe rezago, apuntaron los inconformes.<\/p>\n\n\n\n<p>Parte del atraso para la aplicaci\u00f3n de becas para unos 50 alumnos es porque \u201clos tachan de chismosos\u201d, se\u00f1alaron durante la protesta, lo cual apuntaron ser\u00eda un acto de discriminaci\u00f3n y exclusi\u00f3n para los estudiantes y sus padres.<\/p>\n\n\n\n<p>La dependencia les ha informado en otro momento que el proceso es lento, y que se est\u00e1n subiendo los datos a la plataforma, pero ahora, a pocas semanas de que concluya el ciclo escolar, temen que algunos alumnos podr\u00edan quedarse fuera de la lista de beneficiarios.<\/p>\n\n\n\n<p>Durante el bloqueo en una de las zonas de alto flujo vehicular se registraron discusiones entre los manifestantes y los ciudadanos.<\/p>\n","protected":false},"excerpt":{"rendered":"<p>Yuridiana Sosa\/Zona Roja. Oaxaca de Ju\u00e1rez, Oax., 16 de junio de 2022.- Ante presuntos actos&hellip;<\/p>\n","protected":false},"author":2,"featured_media":42466,"comment_status":"closed","ping_status":"open","sticky":false,"template":"","format":"standard","meta":{"_lmt_disableupdate":"","_lmt_disable":"","_jetpack_memberships_contains_paid_content":false,"footnotes":""},"categories":[109,47],"tags":[3165],"class_list":["post-42468","post","type-post","status-publish","format-standard","has-post-thumbnail","hentry","category-minuto-a-minuto","category-zona-gris","tag-delegacion-bienestar-oaxaca"],"jetpack_featured_media_url":"https:\/\/zonaroja.com.mx\/wp-content\/uploads\/2022\/06\/Protesta-ninos-Cuilapam-becas-Bienestar.jpg","jetpack_sharing_enabled":true,"_links":{"self":[{"href":"https:\/\/zonaroja.com.mx\/index.php?rest_route=\/wp\/v2\/posts\/42468","targetHints":{"allow":["GET"]}}],"collection":[{"href":"https:\/\/zonaroja.com.mx\/index.php?rest_route=\/wp\/v2\/posts"}],"about":[{"href":"https:\/\/zonaroja.com.mx\/index.php?rest_route=\/wp\/v2\/types\/post"}],"author":[{"embeddable":true,"href":"https:\/\/zonaroja.com.mx\/index.php?rest_route=\/wp\/v2\/users\/2"}],"replies":[{"embeddable":true,"href":"https:\/\/zonaroja.com.mx\/index.php?rest_route=%2Fwp%2Fv2%2Fcomments&post=42468"}],"version-history":[{"count":1,"href":"https:\/\/zonaroja.com.mx\/index.php?rest_route=\/wp\/v2\/posts\/42468\/revisions"}],"predecessor-version":[{"id":42469,"href":"https:\/\/zonaroja.com.mx\/index.php?rest_route=\/wp\/v2\/posts\/42468\/revisions\/42469"}],"wp:featuredmedia":[{"embeddable":true,"href":"https:\/\/zonaroja.com.mx\/index.php?rest_route=\/wp\/v2\/media\/42466"}],"wp:attachment":[{"href":"https:\/\/zonaroja.com.mx\/index.php?rest_route=%2Fwp%2Fv2%2Fmedia&parent=42468"}],"wp:term":[{"taxonomy":"category","embeddable":true,"href":"https:\/\/zonaroja.com.mx\/index.php?rest_route=%2Fwp%2Fv2%2Fcategories&post=42468"},{"taxonomy":"post_tag","embeddable":true,"href":"https:\/\/zonaroja.com.mx\/index.php?rest_route=%2Fwp%2Fv2%2Ftags&post=42468"}],"curies":[{"name":"wp","href":"https:\/\/api.w.org\/{rel}","templated":true}]}}