{"id":4247,"date":"2019-09-24T18:59:09","date_gmt":"2019-09-24T23:59:09","guid":{"rendered":"http:\/\/www.zonaroja.com.mx\/?p=4247"},"modified":"2019-09-24T18:59:12","modified_gmt":"2019-09-24T23:59:12","slug":"acusan-que-la-fiscalia-fabrica-culpable-en-caso-de-desaparicion-de-madre-e-hija","status":"publish","type":"post","link":"https:\/\/zonaroja.com.mx\/?p=4247","title":{"rendered":"Acusan que la Fiscal\u00eda fabrica culpable en caso de desaparici\u00f3n de madre e hija"},"content":{"rendered":"\n<p>Texto:\nPaulina R\u00edos<\/p>\n\n\n\n<p>Oaxaca de\nJu\u00e1rez, Oax., septiembre de 2019, (pagina3.mx).- La Fiscal\u00eda General del Estado\nOaxaca (FGJO) estar\u00eda fabricando \u201cun chivo expiatorio\u201d para culpar a un\ninocente en el caso de la desaparici\u00f3n forzada con lujo de violencia de Mar\u00eda\nConcha Rebollar y su hija Martha Rosa S\u00e1nchez Concha.<\/p>\n\n\n\n<p>En una carta\ndirigida al Presidente de la Rep\u00fablica, Andr\u00e9s Manuel L\u00f3pez Obrador, la pareja\nsentimental de F\u00e9lix S. J. L., \u00fanico vinculado a proceso, le pide su\nintervenci\u00f3n en este caso, en el que hay muchas irregularidades y en el que la\nFiscal\u00eda se niega a abrir otras l\u00edneas de investigaci\u00f3n.<\/p>\n\n\n\n<p>En el oficio\nenviado a Palacio Nacional, la se\u00f1ora Elizabeth C.C.C. afirma que el 13 de\nenero de 2019, F\u00e9lix fue detenido en el interior de su vivienda con lujo de\nviolencia y torturado para que se declarara culpable de la desaparici\u00f3n de las\ndos mujeres.<\/p>\n\n\n\n<p>Mar\u00eda y su\nhija Martha fueron vistas por \u00faltima vez el 24 de diciembre de 2018, por lo que\nfamiliares de ellas interpusieron la denuncia correspondiente ante la Fiscal\u00eda,\nla cual 20 d\u00edas despu\u00e9s detuvo a F\u00e9lix, quien se desempe\u00f1aba como polic\u00eda\nmunicipal de Santa Luc\u00eda del Camino.<\/p>\n\n\n\n<p>Elizabeth\nmenciona que durante las dos audiencias que F\u00e9lix ha tenido desde enero a la\nfecha, la Juez en turno ha solicitado al Ministerio P\u00fablico un informe\ndetallado de las personas que lo detuvieron, pero a la fecha ha hecho caso\nomiso el MP.<\/p>\n\n\n\n<p>Adem\u00e1s,\nagrega, el vinculado a proceso ha recibido cuatro visitas tanto del Ministerio\nP\u00fablico como de personal del \u00e1rea de homicidios para amedrentarlo y se culpe\ndel delito del que injustamente se le acusa.<\/p>\n\n\n\n<p>Elizabeth\nconsidera que ello es debido a que el esposo y padre, respectivamente, de las\nmujeres desaparecidas, Domingo S\u00e1nchez Jacinto, es integrante de la Agencia\nEstatal de Investigaciones (AEI) y en su apoyo le pusieron pruebas \u201csembradas\u201d\nel d\u00eda de la detenci\u00f3n para inculpar a F\u00e9lix.<\/p>\n\n\n\n<p>La Fiscal\u00eda\nrespalda el actuar de sus equipos de trabajo sin cuestionar. El mismo Fiscal,\nRub\u00e9n Vasconcelos M\u00e9ndez, se niega a abrir otras l\u00edneas de investigaci\u00f3n pese a\nque fue informado de que el propio esposo de Concha Rebollar ejerc\u00eda violencia\ncontra ella, acusa Elizabeth.<\/p>\n\n\n\n<p>Recuerda que Domingo S\u00e1nchez Jacinto fue detenido el 1 de diciembre de 2011, luego de que su esposa Mar\u00eda interpusiera una denuncia ante la entonces Procuradur\u00eda General de Justicia por la violencia f\u00edsica y psicol\u00f3gica que enfrentaba desde varios a\u00f1os antes.<\/p>\n\n\n\n<figure class=\"wp-block-image\"><img decoding=\"async\" width=\"651\" height=\"400\" src=\"http:\/\/www.zonaroja.com.mx\/wp-content\/uploads\/2019\/09\/Madre-e-hija2.jpg\" alt=\"\" class=\"wp-image-4249\" srcset=\"https:\/\/zonaroja.com.mx\/wp-content\/uploads\/2019\/09\/Madre-e-hija2.jpg 651w, https:\/\/zonaroja.com.mx\/wp-content\/uploads\/2019\/09\/Madre-e-hija2-300x184.jpg 300w, https:\/\/zonaroja.com.mx\/wp-content\/uploads\/2019\/09\/Madre-e-hija2-585x359.jpg 585w\" sizes=\"(max-width: 651px) 100vw, 651px\" \/><\/figure>\n\n\n\n<p>En la\ncomunidad de Chicapa de Castro, de donde son originarios tanto la se\u00f1ora\ndesaparecida como el vinculado a proceso, se sabe que el se\u00f1or Domingo golpeaba\ncontinuamente a su esposa y le pon\u00eda la pistola en la boca, no en pocas\nocasiones.<\/p>\n\n\n\n<p>Y, pese a\nello, la Fiscal\u00eda se niega a abrir otra l\u00ednea de investigaci\u00f3n sobre qui\u00e9n o\nqui\u00e9nes podr\u00edan ser los culpables realmente; as\u00ed lo sostiene Elizabeth en\nentrevista con Pagina3.<\/p>\n\n\n\n<p>Aunado a las\nirregularidades del proceso que le siguen a su pareja desde su inicio -dice\npreocupada-, F\u00e9lix ha enfrentado tambi\u00e9n diversas formas de hostigamiento en\nlos centros de internamiento, pese a que compa\u00f1eros de celda le han confirmado\nque \u00e9l se porta bien.<\/p>\n\n\n\n<p>\u201cEn cuanto a\nsu reclusi\u00f3n en el Centro Penitenciario de Santa Mar\u00eda Ixcotel, hasta el d\u00eda de\nsu traslado que ocurri\u00f3 el 22 de agosto (pasado), el F.S.J.L. mostr\u00f3 un buen\ncomportamiento y realiz\u00f3 diversas actividades dentro del Centro penitenciario,\nespec\u00edficamente en el \u00e1rea de cocina, en donde fungi\u00f3 como ayudante de cocina.<\/p>\n\n\n\n<p>\u201cPosteriormente\ncoordin\u00f3 a 35 personas aproximadamente para organizar las actividades la\ncocina, cuyo desempe\u00f1o fue reconocido por sus compa\u00f1eros y personal encargado.<\/p>\n\n\n\n<p>\u201cFinalmente,\nantes de su traslado, se desempe\u00f1aba como parrillero, mostrando siempre un buen\ncomportamiento y disponibilidad, caracteriz\u00e1ndose por sus buenas relaciones con\ncompa\u00f1eros y autoridades, quienes le solicitaron que volviera a coordinar a las\npersonas en la cocina, a petici\u00f3n de sus mismos compa\u00f1eros y de la responsable\nde la cocina\u201d, relata.<\/p>\n\n\n\n<p>Sin embargo,\nabunda la mujer, a principios de agosto cambiaron al director del Centro\nPenitenciario de Ixcotel y \u00e9ste ordena su traslado a un centro de alta seguridad\ndonde se encuentra aislado y con se\u00f1ales de tortura, ello por una evaluaci\u00f3n\ndel Cuerpo T\u00e9cnico Multidisciplinario.<\/p>\n\n\n\n<p>Seg\u00fan ese\nestudio, los resultados lo establecen como un interno de alta peligrosidad,\npero no especificaron los instrumentos o herramientas que especialistas de las\n\u00e1reas de criminolog\u00eda y psicolog\u00eda ocuparon para realizar el diagn\u00f3stico.<\/p>\n\n\n\n<p>Dice que\nante esa situaci\u00f3n tambi\u00e9n piden la intervenci\u00f3n de peritos especialistas para\ncorroborar el dictamen del Cuerpo T\u00e9cnico Multidisciplinario, e insiste en que\nla Fiscal\u00eda abra otras l\u00edneas de investigaci\u00f3n y no solo busquen un \u201cchivo\nexpiatorio\u201d en F\u00e9lix.<\/p>\n","protected":false},"excerpt":{"rendered":"<p>Texto: Paulina R\u00edos Oaxaca de Ju\u00e1rez, Oax., septiembre de 2019, (pagina3.mx).- La Fiscal\u00eda General del&hellip;<\/p>\n","protected":false},"author":2,"featured_media":4248,"comment_status":"closed","ping_status":"open","sticky":false,"template":"","format":"standard","meta":{"_lmt_disableupdate":"","_lmt_disable":"","_jetpack_memberships_contains_paid_content":false,"footnotes":""},"categories":[109,47],"tags":[],"class_list":["post-4247","post","type-post","status-publish","format-standard","has-post-thumbnail","hentry","category-minuto-a-minuto","category-zona-gris"],"jetpack_featured_media_url":"https:\/\/zonaroja.com.mx\/wp-content\/uploads\/2019\/09\/Madre-e-hija1.jpg","jetpack_sharing_enabled":true,"_links":{"self":[{"href":"https:\/\/zonaroja.com.mx\/index.php?rest_route=\/wp\/v2\/posts\/4247","targetHints":{"allow":["GET"]}}],"collection":[{"href":"https:\/\/zonaroja.com.mx\/index.php?rest_route=\/wp\/v2\/posts"}],"about":[{"href":"https:\/\/zonaroja.com.mx\/index.php?rest_route=\/wp\/v2\/types\/post"}],"author":[{"embeddable":true,"href":"https:\/\/zonaroja.com.mx\/index.php?rest_route=\/wp\/v2\/users\/2"}],"replies":[{"embeddable":true,"href":"https:\/\/zonaroja.com.mx\/index.php?rest_route=%2Fwp%2Fv2%2Fcomments&post=4247"}],"version-history":[{"count":1,"href":"https:\/\/zonaroja.com.mx\/index.php?rest_route=\/wp\/v2\/posts\/4247\/revisions"}],"predecessor-version":[{"id":4250,"href":"https:\/\/zonaroja.com.mx\/index.php?rest_route=\/wp\/v2\/posts\/4247\/revisions\/4250"}],"wp:featuredmedia":[{"embeddable":true,"href":"https:\/\/zonaroja.com.mx\/index.php?rest_route=\/wp\/v2\/media\/4248"}],"wp:attachment":[{"href":"https:\/\/zonaroja.com.mx\/index.php?rest_route=%2Fwp%2Fv2%2Fmedia&parent=4247"}],"wp:term":[{"taxonomy":"category","embeddable":true,"href":"https:\/\/zonaroja.com.mx\/index.php?rest_route=%2Fwp%2Fv2%2Fcategories&post=4247"},{"taxonomy":"post_tag","embeddable":true,"href":"https:\/\/zonaroja.com.mx\/index.php?rest_route=%2Fwp%2Fv2%2Ftags&post=4247"}],"curies":[{"name":"wp","href":"https:\/\/api.w.org\/{rel}","templated":true}]}}