{"id":42470,"date":"2022-06-16T15:21:46","date_gmt":"2022-06-16T20:21:46","guid":{"rendered":"http:\/\/www.zonaroja.com.mx\/?p=42470"},"modified":"2022-06-16T15:21:48","modified_gmt":"2022-06-16T20:21:48","slug":"crecen-lios-en-la-uabjo-ante-desatencion-de-rector-carreno-lopez","status":"publish","type":"post","link":"https:\/\/zonaroja.com.mx\/?p=42470","title":{"rendered":"Crecen l\u00edos en la UABJO ante desatenci\u00f3n de rector Carre\u00f1o L\u00f3pez"},"content":{"rendered":"\n<p>Yuridiana Sosa\/Zona Roja.<\/p>\n\n\n\n<p>Oaxaca de Ju\u00e1rez, Oax., 16 de junio de 2022.- A casi dos meses del relevo de la rector\u00eda de la Universidad Aut\u00f3noma \u201cBenito Ju\u00e1rez\u201d de Oaxaca (UABJO) asumida por Cristian \u00c9der Carre\u00f1o L\u00f3pez, los conflictos no cesan y ahora la direcci\u00f3n de la Facultad de Contadur\u00eda y Administraci\u00f3n denunci\u00f3 actos para desestabilizar la escuela y omisi\u00f3n del rector para atender diversos problemas.<\/p>\n\n\n\n<p>En conferencia de prensa, el director de la Facultad de Contadur\u00eda y Administraci\u00f3n (FCA), Gerardo Velasco Soriano, acompa\u00f1ado de coordinadores, demand\u00f3 al rector Carre\u00f1o L\u00f3pez que las cuentas de esta escuela sean administradas por dicha facultad y no desde rector\u00eda, pues ello ha tra\u00eddo una serie de problemas para el pago de los trabajadores.<\/p>\n\n\n\n<p>De abril a la fecha los coordinadores presentan diferentes problemas para el cobro de sus quincenas, desde la inexistencia de fondos para el cobro de cheques, cambios de cuenta y el m\u00e1s reciente, atrasos.<\/p>\n\n\n\n<p>Adem\u00e1s, se\u00f1alaron la omisi\u00f3n del nuevo rector para atender a esta escuela, pues desde su llegada en abril no ha visitado la facultad, misma que actualmente pretende desestabilizar grupos pol\u00edticos de la UABJO al ser la escuela con la mayor matr\u00edcula, con el 20 por ciento del total de la Universidad.<\/p>\n\n\n\n<p>El director y los coordinadores se\u00f1alaron de encabezar el movimiento a Mauro Francisco P\u00e9rez Carrasco, dirigente del Sindicato de Trabajadores Acad\u00e9micos de la Universidad de Oaxaca (STAUO).<\/p>\n\n\n\n<p>P\u00e9rez Carrasco ha tratado de intimidar a estudiantes y docentes para firmar un documento para desconocer a Velasco Soriano, con listas al control de la facultad.&nbsp;<\/p>\n\n\n\n<p>Parte de la inconformidad, dijo, es porque han exhibido a funcionarios aviadores en la UABJO, algunos son trabajadores del ayuntamiento de Oaxaca de Ju\u00e1rez y del gobierno de Oaxaca.\u00a0<\/p>\n\n\n\n<figure class=\"wp-block-embed\"><div class=\"wp-block-embed__wrapper\">\n<div class=\"twitter-tweet\"><blockquote class=\"twitter-tweet\" data-lang=\"es\"><p lang=\"es\" dir=\"ltr\"><a href=\"https:\/\/twitter.com\/hashtag\/%C3%9AltimoMinuto?src=hash&amp;ref_src=twsrc%5Etfw\">#\u00daltimoMinuto<\/a><br>El director de la Facultad de Contadur\u00eda denunci\u00f3 hoy una lista de \u201caviadores\u201d en la <a href=\"https:\/\/twitter.com\/UABJO?ref_src=twsrc%5Etfw\">@UABJO<\/a>.<br>Demand\u00f3 tambi\u00e9n al rector <a href=\"https:\/\/twitter.com\/RectorCristian?ref_src=twsrc%5Etfw\">@RectorCristian<\/a> pago de sueldos atrasados. <br>Advirti\u00f3 que las omisiones pueden generar violencia. <a href=\"https:\/\/t.co\/9RDxeU8LNJ\">pic.twitter.com\/9RDxeU8LNJ<\/a><\/p>&mdash; Zona Roja Oaxaca (@ZonaRoja_Oaxaca) <a href=\"https:\/\/twitter.com\/ZonaRoja_Oaxaca\/status\/1537503857344925700?ref_src=twsrc%5Etfw\">16 de junio de 2022<\/a><\/blockquote><\/div>\n<\/div><\/figure>\n","protected":false},"excerpt":{"rendered":"<p>Yuridiana Sosa\/Zona Roja. Oaxaca de Ju\u00e1rez, Oax., 16 de junio de 2022.- A casi dos&hellip;<\/p>\n","protected":false},"author":2,"featured_media":42463,"comment_status":"closed","ping_status":"open","sticky":false,"template":"","format":"standard","meta":{"_lmt_disableupdate":"","_lmt_disable":"","_jetpack_memberships_contains_paid_content":false,"footnotes":""},"categories":[109,46],"tags":[3166],"class_list":["post-42470","post","type-post","status-publish","format-standard","has-post-thumbnail","hentry","category-minuto-a-minuto","category-zona-blanca","tag-gerardo-velasco-soriano"],"jetpack_featured_media_url":"https:\/\/zonaroja.com.mx\/wp-content\/uploads\/2022\/06\/Conferencia-de-prensa-Facultad-de-Contaduria.jpg","jetpack_sharing_enabled":true,"_links":{"self":[{"href":"https:\/\/zonaroja.com.mx\/index.php?rest_route=\/wp\/v2\/posts\/42470","targetHints":{"allow":["GET"]}}],"collection":[{"href":"https:\/\/zonaroja.com.mx\/index.php?rest_route=\/wp\/v2\/posts"}],"about":[{"href":"https:\/\/zonaroja.com.mx\/index.php?rest_route=\/wp\/v2\/types\/post"}],"author":[{"embeddable":true,"href":"https:\/\/zonaroja.com.mx\/index.php?rest_route=\/wp\/v2\/users\/2"}],"replies":[{"embeddable":true,"href":"https:\/\/zonaroja.com.mx\/index.php?rest_route=%2Fwp%2Fv2%2Fcomments&post=42470"}],"version-history":[{"count":1,"href":"https:\/\/zonaroja.com.mx\/index.php?rest_route=\/wp\/v2\/posts\/42470\/revisions"}],"predecessor-version":[{"id":42471,"href":"https:\/\/zonaroja.com.mx\/index.php?rest_route=\/wp\/v2\/posts\/42470\/revisions\/42471"}],"wp:featuredmedia":[{"embeddable":true,"href":"https:\/\/zonaroja.com.mx\/index.php?rest_route=\/wp\/v2\/media\/42463"}],"wp:attachment":[{"href":"https:\/\/zonaroja.com.mx\/index.php?rest_route=%2Fwp%2Fv2%2Fmedia&parent=42470"}],"wp:term":[{"taxonomy":"category","embeddable":true,"href":"https:\/\/zonaroja.com.mx\/index.php?rest_route=%2Fwp%2Fv2%2Fcategories&post=42470"},{"taxonomy":"post_tag","embeddable":true,"href":"https:\/\/zonaroja.com.mx\/index.php?rest_route=%2Fwp%2Fv2%2Ftags&post=42470"}],"curies":[{"name":"wp","href":"https:\/\/api.w.org\/{rel}","templated":true}]}}