{"id":42472,"date":"2022-06-16T15:25:12","date_gmt":"2022-06-16T20:25:12","guid":{"rendered":"http:\/\/www.zonaroja.com.mx\/?p=42472"},"modified":"2022-06-16T15:25:13","modified_gmt":"2022-06-16T20:25:13","slug":"presenta-fiscalia-ante-juez-a-dos-detenidos-por-hechos-violentos-entre-transportistas","status":"publish","type":"post","link":"https:\/\/zonaroja.com.mx\/?p=42472","title":{"rendered":"Presenta Fiscal\u00eda ante Juez a dos detenidos por hechos violentos entre transportistas"},"content":{"rendered":"\n<p>Redacci\u00f3n\/Zona Roja<\/p>\n\n\n\n<p>Oaxaca de Ju\u00e1rez, Oax., 16 de junio de 2022.- La Fiscal\u00eda General del Estado de Oaxaca (FGEO) present\u00f3 ante el Juzgado de Control a las personas del sexo masculino identificadas como F. O. C. P. y A. C. P., probables responsables de los delitos de homicidio calificado en grado de tentativa y lesiones calificadas, en agravio de E. D. L. V. y J. M. R. M., cometidos en d\u00edas pasados en la periferia de Oaxaca de Ju\u00e1rez.<\/p>\n\n\n\n<p>De acuerdo con la carpeta de investigaci\u00f3n 20751\/FVCE\/OAXACA\/2022, el 13 de junio de 2022, aproximadamente a las 21:40 horas, los imputados probablemente agredieron con disparos de arma de fuego a las v\u00edctimas, atentando contra la vida de E. D. L. V. y ocasion\u00e1ndole lesiones de gravedad a J. M. R. M.<\/p>\n\n\n\n<p>Posteriormente, elementos de la Polic\u00eda Estatal detuvieron a ambos imputados y los pusieron a disposici\u00f3n de la FGEO, en tanto que la Direcci\u00f3n de Averiguaciones Previas y Procesos inici\u00f3 los actos de investigaci\u00f3n correspondientes.<\/p>\n\n\n\n<p>En audiencia, la defensa de los imputados solicit\u00f3 ampliaci\u00f3n del t\u00e9rmino constitucional, mismo que fenece el pr\u00f3ximo 21 de junio de 2022, imponi\u00e9ndoles el Juez de la causa la medida provisional de prisi\u00f3n preventiva.<\/p>\n","protected":false},"excerpt":{"rendered":"<p>Redacci\u00f3n\/Zona Roja Oaxaca de Ju\u00e1rez, Oax., 16 de junio de 2022.- La Fiscal\u00eda General del&hellip;<\/p>\n","protected":false},"author":2,"featured_media":42366,"comment_status":"closed","ping_status":"open","sticky":false,"template":"","format":"standard","meta":{"_lmt_disableupdate":"","_lmt_disable":"","_jetpack_memberships_contains_paid_content":false,"footnotes":""},"categories":[109,46],"tags":[494],"class_list":["post-42472","post","type-post","status-publish","format-standard","has-post-thumbnail","hentry","category-minuto-a-minuto","category-zona-blanca","tag-fiscalia-general-del-estado-de-oaxaca"],"jetpack_featured_media_url":"https:\/\/zonaroja.com.mx\/wp-content\/uploads\/2022\/06\/Enfrentamiento-taxistas-ciudad-de-Oaxaca.jpg","jetpack_sharing_enabled":true,"_links":{"self":[{"href":"https:\/\/zonaroja.com.mx\/index.php?rest_route=\/wp\/v2\/posts\/42472","targetHints":{"allow":["GET"]}}],"collection":[{"href":"https:\/\/zonaroja.com.mx\/index.php?rest_route=\/wp\/v2\/posts"}],"about":[{"href":"https:\/\/zonaroja.com.mx\/index.php?rest_route=\/wp\/v2\/types\/post"}],"author":[{"embeddable":true,"href":"https:\/\/zonaroja.com.mx\/index.php?rest_route=\/wp\/v2\/users\/2"}],"replies":[{"embeddable":true,"href":"https:\/\/zonaroja.com.mx\/index.php?rest_route=%2Fwp%2Fv2%2Fcomments&post=42472"}],"version-history":[{"count":1,"href":"https:\/\/zonaroja.com.mx\/index.php?rest_route=\/wp\/v2\/posts\/42472\/revisions"}],"predecessor-version":[{"id":42473,"href":"https:\/\/zonaroja.com.mx\/index.php?rest_route=\/wp\/v2\/posts\/42472\/revisions\/42473"}],"wp:featuredmedia":[{"embeddable":true,"href":"https:\/\/zonaroja.com.mx\/index.php?rest_route=\/wp\/v2\/media\/42366"}],"wp:attachment":[{"href":"https:\/\/zonaroja.com.mx\/index.php?rest_route=%2Fwp%2Fv2%2Fmedia&parent=42472"}],"wp:term":[{"taxonomy":"category","embeddable":true,"href":"https:\/\/zonaroja.com.mx\/index.php?rest_route=%2Fwp%2Fv2%2Fcategories&post=42472"},{"taxonomy":"post_tag","embeddable":true,"href":"https:\/\/zonaroja.com.mx\/index.php?rest_route=%2Fwp%2Fv2%2Ftags&post=42472"}],"curies":[{"name":"wp","href":"https:\/\/api.w.org\/{rel}","templated":true}]}}