{"id":42479,"date":"2022-06-16T20:41:55","date_gmt":"2022-06-17T01:41:55","guid":{"rendered":"http:\/\/www.zonaroja.com.mx\/?p=42479"},"modified":"2022-06-16T20:41:57","modified_gmt":"2022-06-17T01:41:57","slug":"denuncian-represion-de-titular-de-sso-contra-manifestantes-del-hospital-civil","status":"publish","type":"post","link":"https:\/\/zonaroja.com.mx\/?p=42479","title":{"rendered":"Denuncian represi\u00f3n de titular de SSO contra manifestantes del Hospital Civil"},"content":{"rendered":"\n<p>Yuridiana Sosa\/Zona Roja.<\/p>\n\n\n\n<p>Oaxaca de Ju\u00e1rez, Oax., 16 de junio de 2022.- M\u00e1s all\u00e1 de avances para solucionar las deficiencias en el Hospital Civil \u201cDr.Aurelio Valdivieso\u201d, en Oaxaca, los trabajadores que se manifiestan han sido intimidados por la titular de los Servicios de Salud de Oaxaca, Virginia S\u00e1nchez R\u00edos, para que dejan la protesta.<\/p>\n\n\n\n<p>A tres d\u00edas consecutivos de protesta por parte de la Subsecci\u00f3n 07 de la Secci\u00f3n 35 del Sindicato Nacional de Trabajadores de Salud (SNTSA) no existen avances para entablar un di\u00e1logo con la secretaria de Salud, quien este martes inform\u00f3, adem\u00e1s, estar contagiada de Covid-19.<\/p>\n\n\n\n<p>El secretario de Organizaci\u00f3n de la subsecci\u00f3n 07, Aristeo Torres L\u00f3pez, se\u00f1al\u00f3 que como nunca antes visto, un titular de los SSO recurri\u00f3 a las amenazas laborales para reprimir la protesta ante la falta de atenci\u00f3n para abastecimiento de insumos y equipos m\u00e9dicos.<\/p>\n\n\n\n<p>Los Servicios de Salud de Oaxaca, detall\u00f3 el l\u00edder, giraron oficios a quienes encabezan esta lucha para que regresen a sus \u00e1reas laborales, o de lo contrario se les suspender\u00e1 el pago de sus sueldos y se levantar\u00e1n actas administrativas por abandono de su empleo.<\/p>\n\n\n\n<p>Al no existir condiciones para un di\u00e1logo con S\u00e1nchez R\u00edos, la dirigencia general de la Secci\u00f3n 35 del SNTSA buscar\u00e1 los medios para que los trabajadores del hospital sean atendidos por el gobernador Alejandro Murat, agreg\u00f3 Torres L\u00f3pez.<\/p>\n\n\n\n<p>Desde hace varias semanas los trabajadores, de las distintas \u00e1reas del nosocomio comenzaron con protestas de forma interna por la falta de gesti\u00f3n de la directora Eugenia Ruiz D\u00e1vila para resolver la crisis.<\/p>\n\n\n\n<p>Este lunes la protesta se traslad\u00f3 a las calles alrededor del hospital con todo y camillas, sillas de ruedas, s\u00e1banas rotas y ambulancias en mal estado para exhibir a las autoridades y poblaci\u00f3n las carencias con las que trabajan y son atentados los pacientes.<\/p>\n\n\n\n<figure class=\"wp-block-embed is-type-rich is-provider-twitter wp-block-embed-twitter\"><div class=\"wp-block-embed__wrapper\">\n<div class=\"twitter-tweet\"><blockquote class=\"twitter-tweet\" data-lang=\"es\"><p lang=\"es\" dir=\"ltr\"><a href=\"https:\/\/twitter.com\/hashtag\/%C3%9AltimoMinuto?src=hash&amp;ref_src=twsrc%5Etfw\">#\u00daltimoMinuto<\/a> <br>Por tercer d\u00eda consecutivo, contin\u00faa la protesta de trabajadores de los <a href=\"https:\/\/twitter.com\/SSO_GobOax?ref_src=twsrc%5Etfw\">@SSO_GobOax<\/a>.<br>La titular de la dependencia, Virginia S\u00e1nchez, sigue aislada por Covid-19. <a href=\"https:\/\/t.co\/0wwdHN9dDs\">pic.twitter.com\/0wwdHN9dDs<\/a><\/p>&mdash; Zona Roja Oaxaca (@ZonaRoja_Oaxaca) <a href=\"https:\/\/twitter.com\/ZonaRoja_Oaxaca\/status\/1537454120944209924?ref_src=twsrc%5Etfw\">16 de junio de 2022<\/a><\/blockquote><\/div>\n<\/div><\/figure>\n","protected":false},"excerpt":{"rendered":"<p>Yuridiana Sosa\/Zona Roja. Oaxaca de Ju\u00e1rez, Oax., 16 de junio de 2022.- M\u00e1s all\u00e1 de&hellip;<\/p>\n","protected":false},"author":2,"featured_media":42480,"comment_status":"closed","ping_status":"open","sticky":false,"template":"","format":"standard","meta":{"_lmt_disableupdate":"","_lmt_disable":"","_jetpack_memberships_contains_paid_content":false,"footnotes":""},"categories":[109,47],"tags":[1005],"class_list":["post-42479","post","type-post","status-publish","format-standard","has-post-thumbnail","hentry","category-minuto-a-minuto","category-zona-gris","tag-servicios-de-salud-de-oaxaca-sso"],"jetpack_featured_media_url":"https:\/\/zonaroja.com.mx\/wp-content\/uploads\/2022\/06\/Protesta-trabajadores-salud-tercer-dia.jpg","jetpack_sharing_enabled":true,"_links":{"self":[{"href":"https:\/\/zonaroja.com.mx\/index.php?rest_route=\/wp\/v2\/posts\/42479","targetHints":{"allow":["GET"]}}],"collection":[{"href":"https:\/\/zonaroja.com.mx\/index.php?rest_route=\/wp\/v2\/posts"}],"about":[{"href":"https:\/\/zonaroja.com.mx\/index.php?rest_route=\/wp\/v2\/types\/post"}],"author":[{"embeddable":true,"href":"https:\/\/zonaroja.com.mx\/index.php?rest_route=\/wp\/v2\/users\/2"}],"replies":[{"embeddable":true,"href":"https:\/\/zonaroja.com.mx\/index.php?rest_route=%2Fwp%2Fv2%2Fcomments&post=42479"}],"version-history":[{"count":1,"href":"https:\/\/zonaroja.com.mx\/index.php?rest_route=\/wp\/v2\/posts\/42479\/revisions"}],"predecessor-version":[{"id":42481,"href":"https:\/\/zonaroja.com.mx\/index.php?rest_route=\/wp\/v2\/posts\/42479\/revisions\/42481"}],"wp:featuredmedia":[{"embeddable":true,"href":"https:\/\/zonaroja.com.mx\/index.php?rest_route=\/wp\/v2\/media\/42480"}],"wp:attachment":[{"href":"https:\/\/zonaroja.com.mx\/index.php?rest_route=%2Fwp%2Fv2%2Fmedia&parent=42479"}],"wp:term":[{"taxonomy":"category","embeddable":true,"href":"https:\/\/zonaroja.com.mx\/index.php?rest_route=%2Fwp%2Fv2%2Fcategories&post=42479"},{"taxonomy":"post_tag","embeddable":true,"href":"https:\/\/zonaroja.com.mx\/index.php?rest_route=%2Fwp%2Fv2%2Ftags&post=42479"}],"curies":[{"name":"wp","href":"https:\/\/api.w.org\/{rel}","templated":true}]}}