{"id":42487,"date":"2022-06-17T08:14:20","date_gmt":"2022-06-17T13:14:20","guid":{"rendered":"http:\/\/www.zonaroja.com.mx\/?p=42487"},"modified":"2022-06-17T08:14:21","modified_gmt":"2022-06-17T13:14:21","slug":"a-un-mes-de-la-guelaguetza-despiden-a-personal-de-la-cortv","status":"publish","type":"post","link":"https:\/\/zonaroja.com.mx\/?p=42487","title":{"rendered":"A un mes de la Guelaguetza, despiden a personal de la Cortv"},"content":{"rendered":"\n<p>Redacci\u00f3n\/Zona Roja.<\/p>\n\n\n\n<p>Oaxaca de Ju\u00e1rez, Oax., 17 de junio de 2022.- A un mes del inicio de las festividades de la Guelguetza, el nuevo director de Corporaci\u00f3n Oaxaque\u00f1a de Radio y Televisi\u00f3n, Sergio Franklin, a\u00fan sin nombramiento oficial y a trav\u00e9s de un personero de nombre S\u00f3crates Alonso, inici\u00f3 el desmantelamiento de las plazas de mandos medios y personal de confianza.<\/p>\n\n\n\n<p>Ello al argumentar que son \u201cindicaciones precisas del gobernador Alejandro Murat\u201d; los d\u00edas 13, 14 y 15 de junio, sin atribuciones legales iniciaron la purga de mandos medios en la Cortv, sin tomar en cuenta que varias trabajadoras son madres de familia y que se quedar\u00e1n sin empleo y consecuentemente sin ingresos.<\/p>\n\n\n\n<p>\u201cSon acciones que denotan una total desinformaci\u00f3n de los procesos legales y administrativos al solicitar las renuncias de manera arbitraria e inmediata sin permitirles a los afectados ni siquiera preparar las entregas correspondientes\u201d, inform\u00f3 uno de los despedidos, que pidi\u00f3 omitir su nombres.<\/p>\n\n\n\n<p>Abunda que por el momento el personal indispensable para la transmisi\u00f3n de la Guelaguetza contin\u00faa en sus puestos, pero tambi\u00e9n ser\u00e1n corridos una vez que culminen las festividades de los Lunes del Cerro en Oaxaca.<\/p>\n\n\n\n<p>\u201cEs una total irresponsabilidad y falta de profesionalismo lo que est\u00e1 ocurriendo en Cortv, de nada sirvi\u00f3 el trabajo realizado en tantos a\u00f1os de arduo esfuerzo, de la noche a la ma\u00f1ana todo se vino abajo\u201d, se\u00f1ala la fuente.<\/p>\n\n\n\n<p>Los despedidos recriminan si estar\u00e1n enterados los altos funcionarios del gobierno de Murat Hinojosa, como Francisco Garc\u00eda L\u00f3pez, secretario General de Gobierno, quien recomend\u00f3 a Franklin en el cargo.<\/p>\n\n\n\n<p>Apenas el pasado 7 de junio, el nuevo director de la Cortv se reuni\u00f3 con las y los trabajadores y les pidi\u00f3 su apoyo para transitar con empe\u00f1o lo que resta del sexenio; no obstante, a menos de 10 d\u00edas de esa reuni\u00f3n, ya comenz\u00f3 los despidos.<\/p>\n\n\n\n<p>\u201cLo que dec\u00eda que era un cambio para llegar a sumar se esta convirtiendo en todo lo contrario, una pesadilla para todos los trabajadores, pues al no tener nombramiento en mano est\u00e1 usurpando funciones y debe ser sancionado por la Contralor\u00eda.<\/p>\n\n\n\n<p>\u201cAdem\u00e1s que le pidi\u00f3 la renuncia a todos los directores y mandos medios, respaldado por otro personaje, el contador S\u00f3crates Alonso, el cual en otro claro ejemplo de usurpaci\u00f3n de funciones y abuso de autoridad est\u00e1 pidiendo informaci\u00f3n financiera y renuncias a diestra y siniestra y hasta donde tenemos conocimiento es integrante del Comit\u00e9 de \u00c9tica del gobierno del estado, la cual podemos ver que desconoce, as\u00ed las cosas con el gobierno.&nbsp;<\/p>\n\n\n\n<p>\u201cPas\u00e1ndose la ley por el arco del triunfo, esperemos les empiecen a llover las demandas por parte de los trabajadores que est\u00e1n sufriendo de estos abusos\u201d, se\u00f1alaron.<\/p>\n","protected":false},"excerpt":{"rendered":"<p>Redacci\u00f3n\/Zona Roja. Oaxaca de Ju\u00e1rez, Oax., 17 de junio de 2022.- A un mes del&hellip;<\/p>\n","protected":false},"author":2,"featured_media":42488,"comment_status":"closed","ping_status":"open","sticky":false,"template":"","format":"standard","meta":{"_lmt_disableupdate":"","_lmt_disable":"","_jetpack_memberships_contains_paid_content":false,"footnotes":""},"categories":[1,47],"tags":[1890],"class_list":["post-42487","post","type-post","status-publish","format-standard","has-post-thumbnail","hentry","category-sin-categoria","category-zona-gris","tag-corporacion-oaxaquena-de-radio-y-television-cortv"],"jetpack_featured_media_url":"https:\/\/zonaroja.com.mx\/wp-content\/uploads\/2022\/06\/Cortv-Sergio-Franklin-despidos.jpeg","jetpack_sharing_enabled":true,"_links":{"self":[{"href":"https:\/\/zonaroja.com.mx\/index.php?rest_route=\/wp\/v2\/posts\/42487","targetHints":{"allow":["GET"]}}],"collection":[{"href":"https:\/\/zonaroja.com.mx\/index.php?rest_route=\/wp\/v2\/posts"}],"about":[{"href":"https:\/\/zonaroja.com.mx\/index.php?rest_route=\/wp\/v2\/types\/post"}],"author":[{"embeddable":true,"href":"https:\/\/zonaroja.com.mx\/index.php?rest_route=\/wp\/v2\/users\/2"}],"replies":[{"embeddable":true,"href":"https:\/\/zonaroja.com.mx\/index.php?rest_route=%2Fwp%2Fv2%2Fcomments&post=42487"}],"version-history":[{"count":1,"href":"https:\/\/zonaroja.com.mx\/index.php?rest_route=\/wp\/v2\/posts\/42487\/revisions"}],"predecessor-version":[{"id":42489,"href":"https:\/\/zonaroja.com.mx\/index.php?rest_route=\/wp\/v2\/posts\/42487\/revisions\/42489"}],"wp:featuredmedia":[{"embeddable":true,"href":"https:\/\/zonaroja.com.mx\/index.php?rest_route=\/wp\/v2\/media\/42488"}],"wp:attachment":[{"href":"https:\/\/zonaroja.com.mx\/index.php?rest_route=%2Fwp%2Fv2%2Fmedia&parent=42487"}],"wp:term":[{"taxonomy":"category","embeddable":true,"href":"https:\/\/zonaroja.com.mx\/index.php?rest_route=%2Fwp%2Fv2%2Fcategories&post=42487"},{"taxonomy":"post_tag","embeddable":true,"href":"https:\/\/zonaroja.com.mx\/index.php?rest_route=%2Fwp%2Fv2%2Ftags&post=42487"}],"curies":[{"name":"wp","href":"https:\/\/api.w.org\/{rel}","templated":true}]}}