{"id":42496,"date":"2022-06-17T10:24:00","date_gmt":"2022-06-17T15:24:00","guid":{"rendered":"http:\/\/www.zonaroja.com.mx\/?p=42496"},"modified":"2022-06-17T08:26:49","modified_gmt":"2022-06-17T13:26:49","slug":"fiscal-de-nueva-york-acusa-a-garcia-luna-de-amenazar-y-sobornar-periodistas-en-mexico","status":"publish","type":"post","link":"https:\/\/zonaroja.com.mx\/?p=42496","title":{"rendered":"Fiscal de Nueva York acusa a Garc\u00eda Luna de amenazar y sobornar periodistas en M\u00e9xico"},"content":{"rendered":"\n<p>Redacci\u00f3n\/Zona Roja Cdmx.<\/p>\n\n\n\n<p>Ciudad de M\u00e9xico, 17 de junio de 2022.- El fiscal del tribunal neoyorquino que instruye el caso del exsecretario de Seguridad de M\u00e9xico Genaro Garc\u00eda Luna le acusa de amenazar y acosar a periodistas y medios que investigaban sus delitos, seg\u00fan un documento judicial al que tuvo acceso la AFP este jueves.<\/p>\n\n\n\n<p>Seg\u00fan el documento, la fiscal\u00eda estadounidense busca \u00abpresentar pruebas de que, aproximadamente entre 2008 y 2013, el acusado someti\u00f3 a un periodista a una campa\u00f1a de acoso y amenazas como resultado de las investigaciones que realizaba\u00bb, aunque no identifica a la supuesta v\u00edctima.<\/p>\n\n\n\n<p>Asimismo, entre 2009 y 2010, el acusado \u00absoborn\u00f3\u00bb a un medio de comunicaci\u00f3n para hacer que \u00ablos periodistas no publicaran noticias negativas sobre \u00e9l\u00bb.<\/p>\n\n\n\n<p>\u00abLa evidencia de los esfuerzos del acusado para silenciar a periodistas ayudan a explicar c\u00f3mo fue capaz de ayudar corruptamente al cartel de Sinaloa durante a\u00f1os sin que fuera detectado o detenido\u00bb, dice la moci\u00f3n preliminar presentada por el fiscal del tribunal de Brooklyn, Breon Peace.<\/p>\n\n\n\n<p>Garc\u00eda Luna se sentar\u00e1, inicialmente, el pr\u00f3ximo 24 de octubre en el banquillo para responder de los cargos de conspirar para traficar coca\u00edna, que ayud\u00f3 al C\u00e1rtel de Sinaloa a enviar toneladas de drogas a Estados Unidos a cambio de sobornos millonarios entre 2001 y 2012, y de otro delito por hacer declaraciones falsas en 2018, cuando solicit\u00f3 su nacionalidad estadounidense.<\/p>\n\n\n\n<p>Si esa fecha no fuera posible, el acusado se sentar\u00eda en el banquillo a principios del a\u00f1o pr\u00f3ximo, seg\u00fan decidi\u00f3 el juez que instruye el caso Brian Cogan en una audiencia celebrada el pasado 27 de octubre.<\/p>\n\n\n\n<p>Seg\u00fan la justicia estadounidense, la colaboraci\u00f3n de este ingeniero de 53 a\u00f1os habr\u00eda permitido al C\u00e1rtel de Sinaloa introducir al menos 53 toneladas de coca\u00edna a Estados Unidos.<\/p>\n\n\n\n<p>En enero de 2020, Garc\u00eda Luna, que se enfrenta a cadena perpetua, se declar\u00f3 no culpable de los tres cargos que le imputa la justicia estadounidense.<\/p>\n\n\n\n<p>Detenido el 10 de diciembre de 2019 en Dallas, Texas, Garc\u00eda Luna, que en 2018 solicit\u00f3 la nacionalidad estadounidense, est\u00e1 tambi\u00e9n acusado en M\u00e9xico de desviar m\u00e1s de 200 millones de d\u00f3lares del erario p\u00fablico hacia empresas de su familia.<\/p>\n\n\n\n<p>De 2001 a 2005, Garc\u00eda Luna dirigi\u00f3 la extinta Agencia Federal de Investigaci\u00f3n de M\u00e9xico, encargada de luchar contra la corrupci\u00f3n y el crimen organizado, y de 2006 a 2012 fue secretario de Seguridad P\u00fablica del gobierno de Felipe Calder\u00f3n, con control sobre la polic\u00eda federal.<\/p>\n\n\n\n<p>Garc\u00eda Luna es uno de los funcionarios mexicanos de mayor rango detenidos en Estados Unidos acusados de narcotr\u00e1fico.<\/p>\n\n\n\n<p>(Informaci\u00f3n de \u201cEl Economista\u201d)<\/p>\n","protected":false},"excerpt":{"rendered":"<p>Redacci\u00f3n\/Zona Roja Cdmx. Ciudad de M\u00e9xico, 17 de junio de 2022.- El fiscal del tribunal&hellip;<\/p>\n","protected":false},"author":2,"featured_media":6759,"comment_status":"closed","ping_status":"open","sticky":false,"template":"","format":"standard","meta":{"_lmt_disableupdate":"","_lmt_disable":"","_jetpack_memberships_contains_paid_content":false,"footnotes":""},"categories":[109,47],"tags":[1123],"class_list":["post-42496","post","type-post","status-publish","format-standard","has-post-thumbnail","hentry","category-minuto-a-minuto","category-zona-gris","tag-genaro-garcia-luna"],"jetpack_featured_media_url":"https:\/\/zonaroja.com.mx\/wp-content\/uploads\/2019\/12\/Garc\u00eda-Luna.jpg","jetpack_sharing_enabled":true,"_links":{"self":[{"href":"https:\/\/zonaroja.com.mx\/index.php?rest_route=\/wp\/v2\/posts\/42496","targetHints":{"allow":["GET"]}}],"collection":[{"href":"https:\/\/zonaroja.com.mx\/index.php?rest_route=\/wp\/v2\/posts"}],"about":[{"href":"https:\/\/zonaroja.com.mx\/index.php?rest_route=\/wp\/v2\/types\/post"}],"author":[{"embeddable":true,"href":"https:\/\/zonaroja.com.mx\/index.php?rest_route=\/wp\/v2\/users\/2"}],"replies":[{"embeddable":true,"href":"https:\/\/zonaroja.com.mx\/index.php?rest_route=%2Fwp%2Fv2%2Fcomments&post=42496"}],"version-history":[{"count":1,"href":"https:\/\/zonaroja.com.mx\/index.php?rest_route=\/wp\/v2\/posts\/42496\/revisions"}],"predecessor-version":[{"id":42497,"href":"https:\/\/zonaroja.com.mx\/index.php?rest_route=\/wp\/v2\/posts\/42496\/revisions\/42497"}],"wp:featuredmedia":[{"embeddable":true,"href":"https:\/\/zonaroja.com.mx\/index.php?rest_route=\/wp\/v2\/media\/6759"}],"wp:attachment":[{"href":"https:\/\/zonaroja.com.mx\/index.php?rest_route=%2Fwp%2Fv2%2Fmedia&parent=42496"}],"wp:term":[{"taxonomy":"category","embeddable":true,"href":"https:\/\/zonaroja.com.mx\/index.php?rest_route=%2Fwp%2Fv2%2Fcategories&post=42496"},{"taxonomy":"post_tag","embeddable":true,"href":"https:\/\/zonaroja.com.mx\/index.php?rest_route=%2Fwp%2Fv2%2Ftags&post=42496"}],"curies":[{"name":"wp","href":"https:\/\/api.w.org\/{rel}","templated":true}]}}