{"id":42498,"date":"2022-06-17T08:38:00","date_gmt":"2022-06-17T13:38:00","guid":{"rendered":"http:\/\/www.zonaroja.com.mx\/?p=42498"},"modified":"2022-06-17T08:40:37","modified_gmt":"2022-06-17T13:40:37","slug":"dos-muertos-saldo-preliminar-en-supercarretera-oaxaca-cuacnopalan","status":"publish","type":"post","link":"https:\/\/zonaroja.com.mx\/?p=42498","title":{"rendered":"Dos muertos, saldo preliminar en supercarretera Oaxaca-Cuacnopalan"},"content":{"rendered":"\n<p>Redacci\u00f3n\/Zona Roja.<\/p>\n\n\n\n<p>Oaxaca de Ju\u00e1rez, Oax., 17 de junio de 2022.- Dos personas fallecidas y calcinadas es el saldo preliminar de un percance vehicular por alcance entre dos unidades de motor de carga pesada, en la supercarretera Oaxaca-Cuacnopalan.<\/p>\n\n\n\n<p>En accidente ocurri\u00f3 aproximadamente a las 19:30 horas de ayer en el kil\u00f3metro 89, cerca del puente \u201cCalapa\u201d, entre Oaxaca y Puebla, lo que origin\u00f3 que de inmediato se incendiaran los veh\u00edculos.<\/p>\n\n\n\n<p>Personal de Caminos y Puentes Federales, as\u00ed como corporaciones de seguridad y socorro de Tehuac\u00e1n arribaron al lugar pero no pudieron intervenir de inmediato debido al aparatoso incendio.<\/p>\n\n\n\n<p>La tragedia deriv\u00f3 en el cierre total de la supercarretera Oaxaca-Cuacnopalan, y en consecuencia en el acumulamiento de largas filas de veh\u00edculos en dicha vialidad.<\/p>\n\n\n\n<p>Hasta esta ma\u00f1ana, la circulaci\u00f3n desde o a la ciudad de M\u00e9xico, es por la carretera federal 190 hasta Tehuac\u00e1n, Puebla.<\/p>\n","protected":false},"excerpt":{"rendered":"<p>Redacci\u00f3n\/Zona Roja. Oaxaca de Ju\u00e1rez, Oax., 17 de junio de 2022.- Dos personas fallecidas y&hellip;<\/p>\n","protected":false},"author":2,"featured_media":42499,"comment_status":"closed","ping_status":"open","sticky":false,"template":"","format":"standard","meta":{"_lmt_disableupdate":"","_lmt_disable":"","_jetpack_memberships_contains_paid_content":false,"footnotes":""},"categories":[109,51],"tags":[676],"class_list":["post-42498","post","type-post","status-publish","format-standard","has-post-thumbnail","hentry","category-minuto-a-minuto","category-zona-roja","tag-accidente-supercarretera-oaxaca-cuacnopalan"],"jetpack_featured_media_url":"https:\/\/zonaroja.com.mx\/wp-content\/uploads\/2022\/06\/Accidente-supercarretera-Oaxaca-Cuacnopalan.jpeg","jetpack_sharing_enabled":true,"_links":{"self":[{"href":"https:\/\/zonaroja.com.mx\/index.php?rest_route=\/wp\/v2\/posts\/42498","targetHints":{"allow":["GET"]}}],"collection":[{"href":"https:\/\/zonaroja.com.mx\/index.php?rest_route=\/wp\/v2\/posts"}],"about":[{"href":"https:\/\/zonaroja.com.mx\/index.php?rest_route=\/wp\/v2\/types\/post"}],"author":[{"embeddable":true,"href":"https:\/\/zonaroja.com.mx\/index.php?rest_route=\/wp\/v2\/users\/2"}],"replies":[{"embeddable":true,"href":"https:\/\/zonaroja.com.mx\/index.php?rest_route=%2Fwp%2Fv2%2Fcomments&post=42498"}],"version-history":[{"count":2,"href":"https:\/\/zonaroja.com.mx\/index.php?rest_route=\/wp\/v2\/posts\/42498\/revisions"}],"predecessor-version":[{"id":42501,"href":"https:\/\/zonaroja.com.mx\/index.php?rest_route=\/wp\/v2\/posts\/42498\/revisions\/42501"}],"wp:featuredmedia":[{"embeddable":true,"href":"https:\/\/zonaroja.com.mx\/index.php?rest_route=\/wp\/v2\/media\/42499"}],"wp:attachment":[{"href":"https:\/\/zonaroja.com.mx\/index.php?rest_route=%2Fwp%2Fv2%2Fmedia&parent=42498"}],"wp:term":[{"taxonomy":"category","embeddable":true,"href":"https:\/\/zonaroja.com.mx\/index.php?rest_route=%2Fwp%2Fv2%2Fcategories&post=42498"},{"taxonomy":"post_tag","embeddable":true,"href":"https:\/\/zonaroja.com.mx\/index.php?rest_route=%2Fwp%2Fv2%2Ftags&post=42498"}],"curies":[{"name":"wp","href":"https:\/\/api.w.org\/{rel}","templated":true}]}}