{"id":42502,"date":"2022-06-17T15:48:27","date_gmt":"2022-06-17T20:48:27","guid":{"rendered":"http:\/\/www.zonaroja.com.mx\/?p=42502"},"modified":"2022-06-17T15:48:28","modified_gmt":"2022-06-17T20:48:28","slug":"aprehende-fiscalia-a-segundo-implicado-en-asesinato-de-magistrado-en-oaxaca","status":"publish","type":"post","link":"https:\/\/zonaroja.com.mx\/?p=42502","title":{"rendered":"Aprehende Fiscal\u00eda a segundo implicado en asesinato de magistrado en Oaxaca"},"content":{"rendered":"\n<p>Redacci\u00f3n\/Zona Roja.&nbsp;<\/p>\n\n\n\n<p>Oaxaca de Ju\u00e1rez, Oax., 17 de junio de 2022.- La Fiscal\u00eda General del Estado de Oaxaca (FGEO) dio a conocer que ejecut\u00f3 una orden de aprehensi\u00f3n contra un segundo implicado en el asesinato del magistrado Enrique Pacheco Mart\u00ednez, perpetrado el septiembre del a\u00f1o pasado en la capital oaxaque\u00f1a.<\/p>\n\n\n\n<p>Se trata de Nicol\u00e1s J. M., quien fue detenido anoche y presentado la ma\u00f1ana de hoy ante un juez; ten\u00eda en su contra el mandato judicial 225\/2022 por el delito de homicidio<\/p>\n\n\n\n<p>De acuerdo con la carpeta de investigaci\u00f3n 30094\/FDAI\/UEIH\/2022, la ma\u00f1ana del 13 de septiembre de 2021, dos sujetos arribaron en motocicleta a inmediaciones del domicilio de la v\u00edctima, ubicado en la colonia Reforma de la capital oaxaque\u00f1a, donde esperaron a que saliera.<\/p>\n\n\n\n<p>Al ver que el magistrado conduc\u00eda su veh\u00edculo fue interceptado por los agresores quienes dispararon en su contra con armas de fuego, ataque que le ocasion\u00f3 la muerte.<\/p>\n\n\n\n<p>De acuerdo con los actos de investigaci\u00f3n realizados, el imputado probablemente se encontraba en el lugar de los hechos, vigilando que no hubiera polic\u00edas cerca y tras la comisi\u00f3n del delito, huy\u00f3 del sitio, inform\u00f3 la Fiscal\u00eda en un comunicado.<\/p>\n\n\n\n<p>Ante este crimen, la Instituci\u00f3n de procuraci\u00f3n de justicia inici\u00f3 una exhaustiva investigaci\u00f3n -a trav\u00e9s de la Fiscal\u00eda Especializada en Atenci\u00f3n a Delitos de Alto Impacto-, realizando labores de inteligencia que permitieron localizar y aprehender -en primera instancia- a uno de los probables homicidas, identificado como D. U. (David Ubaldo) M. L., quien en abril de 2022 fue vinculado a proceso.<\/p>\n\n\n\n<p>En audiencia, el imputado N. M. J. solicit\u00f3 el t\u00e9rmino constitucional ampliado, mismo que fenece el pr\u00f3ximo 22 de junio del a\u00f1o en curso, quedando en tanto en prisi\u00f3n preventiva de manera provisional.<\/p>\n\n\n\n<p>VINCULADO A PROCESO<\/p>\n\n\n\n<p>Por otra parte, la Fiscal\u00eda General inform\u00f3 tambi\u00e9n hoy, que obtuvo auto de vinculaci\u00f3n a proceso contra la persona del sexo masculino identificada como N. (Nicandro) F. G., probable autor intelectual del delito de homicidio calificado con alevos\u00eda y ventaja en agravio de quien en vida respondi\u00f3 al nombre de C. E. (Carlos Eduardo) L. M., cometido en la Heroica Ciudad de Juchit\u00e1n de Zaragoza, en la regi\u00f3n del Istmo de Tehuantepec.<\/p>\n\n\n\n<p>De acuerdo con la carpeta de investigaci\u00f3n 19510\/FIST\/JUCHIT\u00c1N\/2022, el 3 de junio del a\u00f1o en curso, un grupo de sujetos intercept\u00f3 el veh\u00edculo en el que se trasladaba la v\u00edctima y la agredieron con disparos de arma de fuego, ocasion\u00e1ndole la muerte en inmediaciones de la Segunda Secci\u00f3n de Juchit\u00e1n de Zaragoza.<\/p>\n\n\n\n<p>Ante este hecho, la Instituci\u00f3n de procuraci\u00f3n de justicia intervino e inici\u00f3 una exhaustiva investigaci\u00f3n que permiti\u00f3 identificar y aprehender a uno de los probables responsables el pasado 10 de junio, quien de acuerdo con los actos de investigaci\u00f3n iniciales, podr\u00eda tratarse del autor intelectual de este crimen.<\/p>\n\n\n\n<p>En audiencia y tras validar los datos de prueba aportados por la Direcci\u00f3n de Averiguaciones Previas y Procesos, el Juez en turno determin\u00f3 vincular a proceso a N.(Nicandro) F. G., imponiendo la medida cautelar de prisi\u00f3n preventiva oficiosa y otorg\u00f3 cuatro meses para el cierre de investigaci\u00f3n complementaria.<\/p>\n","protected":false},"excerpt":{"rendered":"<p>Redacci\u00f3n\/Zona Roja.&nbsp; Oaxaca de Ju\u00e1rez, Oax., 17 de junio de 2022.- La Fiscal\u00eda General del&hellip;<\/p>\n","protected":false},"author":2,"featured_media":31973,"comment_status":"closed","ping_status":"open","sticky":false,"template":"","format":"standard","meta":{"_lmt_disableupdate":"","_lmt_disable":"","_jetpack_memberships_contains_paid_content":false,"footnotes":""},"categories":[109,46],"tags":[494],"class_list":["post-42502","post","type-post","status-publish","format-standard","has-post-thumbnail","hentry","category-minuto-a-minuto","category-zona-blanca","tag-fiscalia-general-del-estado-de-oaxaca"],"jetpack_featured_media_url":"https:\/\/zonaroja.com.mx\/wp-content\/uploads\/2021\/09\/Magistrado-ejecutado-colonia-Reforma.jpg","jetpack_sharing_enabled":true,"_links":{"self":[{"href":"https:\/\/zonaroja.com.mx\/index.php?rest_route=\/wp\/v2\/posts\/42502","targetHints":{"allow":["GET"]}}],"collection":[{"href":"https:\/\/zonaroja.com.mx\/index.php?rest_route=\/wp\/v2\/posts"}],"about":[{"href":"https:\/\/zonaroja.com.mx\/index.php?rest_route=\/wp\/v2\/types\/post"}],"author":[{"embeddable":true,"href":"https:\/\/zonaroja.com.mx\/index.php?rest_route=\/wp\/v2\/users\/2"}],"replies":[{"embeddable":true,"href":"https:\/\/zonaroja.com.mx\/index.php?rest_route=%2Fwp%2Fv2%2Fcomments&post=42502"}],"version-history":[{"count":1,"href":"https:\/\/zonaroja.com.mx\/index.php?rest_route=\/wp\/v2\/posts\/42502\/revisions"}],"predecessor-version":[{"id":42503,"href":"https:\/\/zonaroja.com.mx\/index.php?rest_route=\/wp\/v2\/posts\/42502\/revisions\/42503"}],"wp:featuredmedia":[{"embeddable":true,"href":"https:\/\/zonaroja.com.mx\/index.php?rest_route=\/wp\/v2\/media\/31973"}],"wp:attachment":[{"href":"https:\/\/zonaroja.com.mx\/index.php?rest_route=%2Fwp%2Fv2%2Fmedia&parent=42502"}],"wp:term":[{"taxonomy":"category","embeddable":true,"href":"https:\/\/zonaroja.com.mx\/index.php?rest_route=%2Fwp%2Fv2%2Fcategories&post=42502"},{"taxonomy":"post_tag","embeddable":true,"href":"https:\/\/zonaroja.com.mx\/index.php?rest_route=%2Fwp%2Fv2%2Ftags&post=42502"}],"curies":[{"name":"wp","href":"https:\/\/api.w.org\/{rel}","templated":true}]}}