{"id":42505,"date":"2022-06-17T17:15:56","date_gmt":"2022-06-17T22:15:56","guid":{"rendered":"https:\/\/www.zonaroja.com.mx\/?p=42505"},"modified":"2022-06-17T17:15:58","modified_gmt":"2022-06-17T22:15:58","slug":"alerta-cuatro-venados-de-reingreso-de-grupo-armado-por-lio-de-tierras","status":"publish","type":"post","link":"https:\/\/zonaroja.com.mx\/?p=42505","title":{"rendered":"Alerta Cuatro Venados de reingreso de grupo armado por l\u00edo de tierras"},"content":{"rendered":"\n<p>Yuridiana Sosa\/Zona Roja. Foto: Archivo<\/p>\n\n\n\n<p>Oaxaca de Ju\u00e1rez, Oax., 17 de junio de 2022.- Comuneros de los parajes de \u201cEl Rebollero\u201d, \u201cLos Arquitos\u201d y \u201cR\u00edo Minas\u201d, del municipio de San Pablo Cuatro Venados, en Valles Centrales, denunciaron el reingreso de un grupo armado que pretende apoderarse de tierras, causando terror y \u201cencierro\u201d en las comunidades. <\/p>\n\n\n\n<p>Estas poblaciones, que defienden propiedades presuntamente peleadas por habitantes de Cuil\u00e1pam de Guerrero, anunciaron que tras los hechos violentos del 28 de mayo, el pasado 15 de junio reingres\u00f3 a su territorio un grupo de personas armadas.<\/p>\n\n\n\n<p>\u201cEs claro que quieren que nos vayamos de aqu\u00ed para dar paso a los proyectos mineros, a la venta de lotes para viviendas, para que puedan explotar el agua y el bosque, pero aqu\u00ed seguiremos, defendiendo nuestra madre tierra\u201d, se\u00f1alaron los comuneros, cuyas viviendas y campos de cultivo fueron destruidos por el grupo armado.<\/p>\n\n\n\n<p>Detallaron, por medio de un comunicado, que cerca de las 19:00 horas del pasado mi\u00e9rcoles 15 de junio el grupo armado ingres\u00f3 a territorio de Cuatro Venados a bordo de veh\u00edculos con direcci\u00f3n al paraje \u201cLa Mesa\u201d, donde realizaron detonaciones por casi una hora.<\/p>\n\n\n\n<p>\u201cDesde que destruyeron las viviendas y las cosechas, hay mujeres, ni\u00f1os y ancianos que se resguardan con lo poco que qued\u00f3 en la comunidad, no hay condiciones de seguridad para labrar la tierra y cuidar los animales\u201d, denunciaron.<\/p>\n\n\n\n<p>Sobre el problema de tierras y constantes ataques, sostuvieron que han agotado todas las instancias de gobierno para denunciar los actos violentos pero las autoridades hacen caso omiso.&nbsp;<\/p>\n\n\n\n<p>PIDEN AYUDA<\/p>\n\n\n\n<p>Ante esa circunstancia, para sobrevivir, llaman a la ciudadan\u00eda a sumarse con la donaci\u00f3n de v\u00edveres, por medio de la campa\u00f1a \u201cpor la reconstrucci\u00f3n y el cuidado de la dignidad en resistencia\u201d.<\/p>\n\n\n\n<p>La poblaci\u00f3n de Cuatro Venados pide alimentos, ropa, cobijas, colchonetas, lonas, toallas femeninas, papel higi\u00e9nico, alcohol, l\u00e1minas, clavos, alambre, celdas solares, herramientas de trabajo, entre otras herramientas y productos b\u00e1sicos.<\/p>\n\n\n\n<p>El acopio se realizar\u00e1 en distintos puntos del pa\u00eds, uno de ellos se ubica en la Ciudad de M\u00e9xico, en la Casa de los Pueblos y Comunidades Ind\u00edgenas \u201cSamir Flores Soberanes\u201d, antes Instituto Nacional de los Pueblos Ind\u00edgenas (INPI) en Coyoac\u00e1n; mientras que en la ciudad de Oaxaca ser\u00e1 la Librer\u00eda La J\u00edcara, Porfirio D\u00edaz 1105, Centro.<\/p>\n\n\n\n<p>ANTECEDENTE&nbsp;<\/p>\n\n\n\n<p>La disputa entre ambos municipios ha dejado como saldo dos personas muertas en el transcurso de siete a\u00f1os de lucha- uno por cada comunidad-, el m\u00e1s reciente registrado el pasado 28 de mayo contra un habitante de Cuil\u00e1pam.<\/p>\n\n\n\n<p>La madrugada del 28 de mayo se registr\u00f3 un enfrentamiento entre comuneros de El Rebollero, San Pablo Cuatro Venados y Cuil\u00e1pam de Guerrero, estos \u00faltimos acusados de invadir y quemar una vivienda.&nbsp;<\/p>\n\n\n\n<p>Mientras que comuneros de Cuil\u00e1pam dieron a conocer que desde hace m\u00e1s de un mes revivi\u00f3 el conflicto por actos violentos contra sus campesinos que transitan por caminos cercanos a la poblaci\u00f3n vecina, lo que revive con mayor fuerza el l\u00edo iniciado aproximadamente hace siete a\u00f1os.<\/p>\n\n\n\n<p>Por esos hechos, los vecinos de Cuil\u00e1pam realizan un bloqueo ese mismo d\u00eda en acceso a su municipio para exigir atenci\u00f3n del gobierno del estado.<\/p>\n\n\n\n<p>En tanto, que desde julio de 2021 el l\u00edo se avivaba, pues comuneros de San Pablo Cuatro Venados debieron aclarara y rechazar actos de explotaci\u00f3n de una mina en su comunidad, ante se\u00f1alamientos de pobladores de Cuil\u00e1pam de Guerrero, quienes al mismo tiempo apuntaron que la mina se ubica en su territorio.&nbsp;<\/p>\n\n\n\n<p>El12 de julio de 2021 la Secretaria General de Gobierno de Oaxaca que encabeza Francisco Garc\u00eda, la Junta de Conciliaci\u00f3n Agraria sostuvieron una mesa de di\u00e1logo con las autoridades municipales y agrarias de Cuil\u00e1pam, recordaron los afectados.<\/p>\n\n\n\n<p> <\/p>\n","protected":false},"excerpt":{"rendered":"<p>Yuridiana Sosa\/Zona Roja. Foto: Archivo Oaxaca de Ju\u00e1rez, Oax., 17 de junio de 2022.- Comuneros&hellip;<\/p>\n","protected":false},"author":2,"featured_media":9069,"comment_status":"closed","ping_status":"open","sticky":false,"template":"","format":"standard","meta":{"_lmt_disableupdate":"","_lmt_disable":"","_jetpack_memberships_contains_paid_content":false,"footnotes":""},"categories":[109,47],"tags":[],"class_list":["post-42505","post","type-post","status-publish","format-standard","has-post-thumbnail","hentry","category-minuto-a-minuto","category-zona-gris"],"jetpack_featured_media_url":"https:\/\/zonaroja.com.mx\/wp-content\/uploads\/2020\/02\/Comuneros-Cuatro-Venados.jpg","jetpack_sharing_enabled":true,"_links":{"self":[{"href":"https:\/\/zonaroja.com.mx\/index.php?rest_route=\/wp\/v2\/posts\/42505","targetHints":{"allow":["GET"]}}],"collection":[{"href":"https:\/\/zonaroja.com.mx\/index.php?rest_route=\/wp\/v2\/posts"}],"about":[{"href":"https:\/\/zonaroja.com.mx\/index.php?rest_route=\/wp\/v2\/types\/post"}],"author":[{"embeddable":true,"href":"https:\/\/zonaroja.com.mx\/index.php?rest_route=\/wp\/v2\/users\/2"}],"replies":[{"embeddable":true,"href":"https:\/\/zonaroja.com.mx\/index.php?rest_route=%2Fwp%2Fv2%2Fcomments&post=42505"}],"version-history":[{"count":1,"href":"https:\/\/zonaroja.com.mx\/index.php?rest_route=\/wp\/v2\/posts\/42505\/revisions"}],"predecessor-version":[{"id":42506,"href":"https:\/\/zonaroja.com.mx\/index.php?rest_route=\/wp\/v2\/posts\/42505\/revisions\/42506"}],"wp:featuredmedia":[{"embeddable":true,"href":"https:\/\/zonaroja.com.mx\/index.php?rest_route=\/wp\/v2\/media\/9069"}],"wp:attachment":[{"href":"https:\/\/zonaroja.com.mx\/index.php?rest_route=%2Fwp%2Fv2%2Fmedia&parent=42505"}],"wp:term":[{"taxonomy":"category","embeddable":true,"href":"https:\/\/zonaroja.com.mx\/index.php?rest_route=%2Fwp%2Fv2%2Fcategories&post=42505"},{"taxonomy":"post_tag","embeddable":true,"href":"https:\/\/zonaroja.com.mx\/index.php?rest_route=%2Fwp%2Fv2%2Ftags&post=42505"}],"curies":[{"name":"wp","href":"https:\/\/api.w.org\/{rel}","templated":true}]}}