{"id":4251,"date":"2019-09-24T20:50:42","date_gmt":"2019-09-25T01:50:42","guid":{"rendered":"http:\/\/www.zonaroja.com.mx\/?p=4251"},"modified":"2019-09-24T20:50:44","modified_gmt":"2019-09-25T01:50:44","slug":"rechaza-el-72-de-oaxaquenos-que-se-apruebe-despenalizacion-del-aborto","status":"publish","type":"post","link":"https:\/\/zonaroja.com.mx\/?p=4251","title":{"rendered":"Rechaza el 72% de oaxaque\u00f1os que se apruebe despenalizaci\u00f3n del aborto"},"content":{"rendered":"\n<p>Ismael\nGarc\u00eda M.\/Zona Roja.<\/p>\n\n\n\n<p>Oaxaca de\nJu\u00e1rez, Oax., 24 de septiembre de 2019.- El 72.8 por ciento de la poblaci\u00f3n\nest\u00e1 en desacuerdo en que se despenalice el aborto en Oaxaca, revel\u00f3 una\nencuesta telef\u00f3nica elaborado por la consultor\u00eda Massive Caller, de Carlos\nCampos Riojas.<\/p>\n\n\n\n<p>Asimismo, el sondeo realizado el 18 de septiembre agrega que en caso de que los diputados del Partido Morena votaran este mi\u00e9rcoles a favor de la despenalizaci\u00f3n, la percepci\u00f3n del 65.2 por ciento hacia ese instituto pol\u00edtico empeorar\u00eda.<\/p>\n\n\n\n<figure class=\"wp-block-image\"><img decoding=\"async\" width=\"1024\" height=\"938\" src=\"http:\/\/www.zonaroja.com.mx\/wp-content\/uploads\/2019\/09\/IMG_1149-1024x938.jpg\" alt=\"\" class=\"wp-image-4252\" srcset=\"https:\/\/zonaroja.com.mx\/wp-content\/uploads\/2019\/09\/IMG_1149-1024x938.jpg 1024w, https:\/\/zonaroja.com.mx\/wp-content\/uploads\/2019\/09\/IMG_1149-300x275.jpg 300w, https:\/\/zonaroja.com.mx\/wp-content\/uploads\/2019\/09\/IMG_1149-768x703.jpg 768w, https:\/\/zonaroja.com.mx\/wp-content\/uploads\/2019\/09\/IMG_1149-1170x1071.jpg 1170w, https:\/\/zonaroja.com.mx\/wp-content\/uploads\/2019\/09\/IMG_1149-585x536.jpg 585w, https:\/\/zonaroja.com.mx\/wp-content\/uploads\/2019\/09\/IMG_1149.jpg 1280w\" sizes=\"(max-width: 1024px) 100vw, 1024px\" \/><\/figure>\n\n\n\n<p>La encuesta\nfue elaborada mediante la t\u00e9cnica \u201cRobot\u201d en grabaciones enviadas a mil hogares\ny que fueron contestadas por los propios entrevistados.<\/p>\n\n\n\n<p>Las entrevistas\nfueron realizadas de forma aleatoria, a fin de que fuera una muestra\nrepresentativa de hombres y mujeres mayores de 18 a\u00f1os, a\u00f1ade el sondeo, que\ntiene un margen de error +\/- 3.4 por ciento.<\/p>\n\n\n\n<p>Este\nmi\u00e9rcoles en sesi\u00f3n ordinaria del pleno de la 64 Legislatura ser\u00eda discutida y\nen su caso aprobada la iniciativa para despenalizar el aborto en la entidad\noaxaque\u00f1a, demanda impulsada por legisladoras del Partido Morena y apoyada por\norganismos civiles.<\/p>\n","protected":false},"excerpt":{"rendered":"<p>Ismael Garc\u00eda M.\/Zona Roja. Oaxaca de Ju\u00e1rez, Oax., 24 de septiembre de 2019.- El 72.8&hellip;<\/p>\n","protected":false},"author":2,"featured_media":4253,"comment_status":"closed","ping_status":"open","sticky":false,"template":"","format":"standard","meta":{"_lmt_disableupdate":"","_lmt_disable":"","_jetpack_memberships_contains_paid_content":false,"footnotes":""},"categories":[109,47],"tags":[761],"class_list":["post-4251","post","type-post","status-publish","format-standard","has-post-thumbnail","hentry","category-minuto-a-minuto","category-zona-gris","tag-encuesta-rechazo-legalizacion-aborto-oaxaca"],"jetpack_featured_media_url":"https:\/\/zonaroja.com.mx\/wp-content\/uploads\/2019\/09\/IMG_1148.jpg","jetpack_sharing_enabled":true,"_links":{"self":[{"href":"https:\/\/zonaroja.com.mx\/index.php?rest_route=\/wp\/v2\/posts\/4251","targetHints":{"allow":["GET"]}}],"collection":[{"href":"https:\/\/zonaroja.com.mx\/index.php?rest_route=\/wp\/v2\/posts"}],"about":[{"href":"https:\/\/zonaroja.com.mx\/index.php?rest_route=\/wp\/v2\/types\/post"}],"author":[{"embeddable":true,"href":"https:\/\/zonaroja.com.mx\/index.php?rest_route=\/wp\/v2\/users\/2"}],"replies":[{"embeddable":true,"href":"https:\/\/zonaroja.com.mx\/index.php?rest_route=%2Fwp%2Fv2%2Fcomments&post=4251"}],"version-history":[{"count":1,"href":"https:\/\/zonaroja.com.mx\/index.php?rest_route=\/wp\/v2\/posts\/4251\/revisions"}],"predecessor-version":[{"id":4254,"href":"https:\/\/zonaroja.com.mx\/index.php?rest_route=\/wp\/v2\/posts\/4251\/revisions\/4254"}],"wp:featuredmedia":[{"embeddable":true,"href":"https:\/\/zonaroja.com.mx\/index.php?rest_route=\/wp\/v2\/media\/4253"}],"wp:attachment":[{"href":"https:\/\/zonaroja.com.mx\/index.php?rest_route=%2Fwp%2Fv2%2Fmedia&parent=4251"}],"wp:term":[{"taxonomy":"category","embeddable":true,"href":"https:\/\/zonaroja.com.mx\/index.php?rest_route=%2Fwp%2Fv2%2Fcategories&post=4251"},{"taxonomy":"post_tag","embeddable":true,"href":"https:\/\/zonaroja.com.mx\/index.php?rest_route=%2Fwp%2Fv2%2Ftags&post=4251"}],"curies":[{"name":"wp","href":"https:\/\/api.w.org\/{rel}","templated":true}]}}