{"id":42521,"date":"2022-06-18T09:32:00","date_gmt":"2022-06-18T14:32:00","guid":{"rendered":"http:\/\/www.zonaroja.com.mx\/?p=42521"},"modified":"2022-06-18T07:42:04","modified_gmt":"2022-06-18T12:42:04","slug":"desde-declaratoria-de-alerta-por-violencia-de-genero-oaxaca-acumula-431-feminicidios","status":"publish","type":"post","link":"https:\/\/zonaroja.com.mx\/?p=42521","title":{"rendered":"Desde declaratoria de Alerta por Violencia de G\u00e9nero, Oaxaca acumula 431 feminicidios"},"content":{"rendered":"\n<p>Redacci\u00f3n\/Zona Roja.<\/p>\n\n\n\n<p>Oaxaca de Ju\u00e1rez, Oax., 18 de junio de 2022.- El asesinato de J\u00e9ssica V., perpetrado el pasado mi\u00e9rcoles en Santiago Yolom\u00e9catl, ejemplifica la situaci\u00f3n de la violencia que viven ni\u00f1as y mujeres oaxaque\u00f1as, consider\u00f3 el Grupo de Estudios sobre la Mujer \u201cRosario Castellanos\u201d (GES Mujer).<\/p>\n\n\n\n<p>En un posicionamiento, su presidenta, Ang\u00e9lica Ayala Ortiz, expuso que, seg\u00fan el registro que llevan del 1 de diciembre de 2016 a la fecha, han sido ultimadas en la entidad 646 mujeres, de las cuales 431 han sido tras la declaratoria de Alerta por Violencia de G\u00e9nero en 40 municipios de Oaxaca.<\/p>\n\n\n\n<p>El caso de J\u00e9ssica \u201cnos obliga a denunciar la falta de aplicaci\u00f3n de protocolos de b\u00fasqueda inmediata frente a las desapariciones que, de acuerdo a los registros de la sociedad civil suman m\u00e1s de mil 600 en lo que va de la actual administraci\u00f3n.<\/p>\n\n\n\n<p>\u201cNi\u00f1as y mujeres que han sido reportadas por sus familias como desaparecidas y que &nbsp;se han enfrentado&nbsp;a una burocracia incapaz de actuar con la urgencia que cada caso amerita.&nbsp;<\/p>\n\n\n\n<p>\u201cJ\u00e9ssica es un caso que hoy moviliza a otra comunidad, esta vez en la Mixteca, haciendo resonar las voces de quienes exigen justicia, sum\u00e1ndose a una larga lista de comunidades oaxaque\u00f1as agraviadas por la p\u00e9rdida de una joven que ten\u00eda un proyecto de futuro y que con su asesinato violento, con marcas de tortura en su cuerpo.<\/p>\n\n\n\n<p>\u201cNos indigna y mueve a cuestionar un sistema patriarcal que atravesado por una visi\u00f3n mis\u00f3gina y machista, nos niega la protecci\u00f3n y el acceso a la justicia y que con su discurso oficial rechaza tambi\u00e9n la &nbsp;gravedad de una problem\u00e1tica que nos lastima como sociedad\u201d, sostuvo Ayala Ortiz.&nbsp;<\/p>\n\n\n\n<p>Agreg\u00f3 que el caso de J\u00e9ssica se exige que sea investigado bajo el protocolo de feminicidio, \u201cque obliga a poner la mirada en la falta de mecanismos de reacci\u00f3n inmediata como lo estableci\u00f3 la Alerta por Violencia de G\u00e9nero desde el 2018\u201d, puntualiz\u00f3.<\/p>\n","protected":false},"excerpt":{"rendered":"<p>Redacci\u00f3n\/Zona Roja. Oaxaca de Ju\u00e1rez, Oax., 18 de junio de 2022.- El asesinato de J\u00e9ssica&hellip;<\/p>\n","protected":false},"author":2,"featured_media":42522,"comment_status":"closed","ping_status":"open","sticky":false,"template":"","format":"standard","meta":{"_lmt_disableupdate":"","_lmt_disable":"","_jetpack_memberships_contains_paid_content":false,"footnotes":""},"categories":[109,47],"tags":[524,3125],"class_list":["post-42521","post","type-post","status-publish","format-standard","has-post-thumbnail","hentry","category-minuto-a-minuto","category-zona-gris","tag-ges-mujer","tag-santiago-yolomecatl"],"jetpack_featured_media_url":"https:\/\/zonaroja.com.mx\/wp-content\/uploads\/2022\/06\/Feminicidio-Jessica-Santiago-Yolomecatl.jpg","jetpack_sharing_enabled":true,"_links":{"self":[{"href":"https:\/\/zonaroja.com.mx\/index.php?rest_route=\/wp\/v2\/posts\/42521","targetHints":{"allow":["GET"]}}],"collection":[{"href":"https:\/\/zonaroja.com.mx\/index.php?rest_route=\/wp\/v2\/posts"}],"about":[{"href":"https:\/\/zonaroja.com.mx\/index.php?rest_route=\/wp\/v2\/types\/post"}],"author":[{"embeddable":true,"href":"https:\/\/zonaroja.com.mx\/index.php?rest_route=\/wp\/v2\/users\/2"}],"replies":[{"embeddable":true,"href":"https:\/\/zonaroja.com.mx\/index.php?rest_route=%2Fwp%2Fv2%2Fcomments&post=42521"}],"version-history":[{"count":1,"href":"https:\/\/zonaroja.com.mx\/index.php?rest_route=\/wp\/v2\/posts\/42521\/revisions"}],"predecessor-version":[{"id":42523,"href":"https:\/\/zonaroja.com.mx\/index.php?rest_route=\/wp\/v2\/posts\/42521\/revisions\/42523"}],"wp:featuredmedia":[{"embeddable":true,"href":"https:\/\/zonaroja.com.mx\/index.php?rest_route=\/wp\/v2\/media\/42522"}],"wp:attachment":[{"href":"https:\/\/zonaroja.com.mx\/index.php?rest_route=%2Fwp%2Fv2%2Fmedia&parent=42521"}],"wp:term":[{"taxonomy":"category","embeddable":true,"href":"https:\/\/zonaroja.com.mx\/index.php?rest_route=%2Fwp%2Fv2%2Fcategories&post=42521"},{"taxonomy":"post_tag","embeddable":true,"href":"https:\/\/zonaroja.com.mx\/index.php?rest_route=%2Fwp%2Fv2%2Ftags&post=42521"}],"curies":[{"name":"wp","href":"https:\/\/api.w.org\/{rel}","templated":true}]}}