{"id":42524,"date":"2022-06-18T10:42:00","date_gmt":"2022-06-18T15:42:00","guid":{"rendered":"http:\/\/www.zonaroja.com.mx\/?p=42524"},"modified":"2022-06-18T17:50:07","modified_gmt":"2022-06-18T22:50:07","slug":"dara-la-union-europea-daran-seguimiento-al-feminicidio-en-mexico","status":"publish","type":"post","link":"https:\/\/zonaroja.com.mx\/?p=42524","title":{"rendered":"Dar\u00e1 la Uni\u00f3n Europea seguimiento al feminicidio en M\u00e9xico"},"content":{"rendered":"\n<p>Redacci\u00f3n\/Zona Roja.<\/p>\n\n\n\n<p>Oaxaca de Ju\u00e1rez, Oax., a 18 de junio 2022.- Durante los \u00faltimos cuatro d\u00edas, Soledad Jarqu\u00edn Edgar estuvo en Bruselas, B\u00e9lgica, donde acompa\u00f1ada por la organizaci\u00f3n Consorcio Oaxaca, present\u00f3 ante distintas instancias de la Uni\u00f3n Europea la impunidad y por consiguiente la negaci\u00f3n de justicia en el feminicidio de su hija Mar\u00eda del Sol.<\/p>\n\n\n\n<p>La periodista oaxaque\u00f1a se reuni\u00f3 con eurodiputados y eurodiputadas, as\u00ed como representantes de grupos parlamentarios, quienes se solidarizaron con la lucha de la defensora y se comprometieron a tomar todas las acciones posibles desde su curul para lograr justicia para Sol.&nbsp;<\/p>\n\n\n\n<p>El social-dem\u00f3crata Massimiliano&nbsp;Smeriglio&nbsp;co-presidente de la Comisi\u00f3n Parlamentaria Mixta Uni\u00f3n Europea-M\u00e9xico en sus redes sociales se\u00f1al\u00f3: \u201cMe he encontrado con Soledad Jarqu\u00edn Edgar, la madre de Mar\u00eda del Sol, quien fue asesinada hace 4 a\u00f1os en el estado de Oaxaca. Como&nbsp;co-presidente de la Comisi\u00f3n UE-M\u00e9xico, me compromet\u00ed a seguir el caso y monitorear la situaci\u00f3n del feminicidio en el pa\u00eds.\u201d&nbsp;&nbsp;<\/p>\n\n\n\n<p>En esos mismos d\u00edas, el Eurodiputado italiano se hab\u00eda reunido con la senadora Olga S\u00e1nchez Cordero, presidenta de la Mesa Directiva de&nbsp;ese \u00f3rgano legislativo y otros y otras integrantes de esa comisi\u00f3n.<\/p>\n\n\n\n<p>La eurodiputada catalana, de los verdes Diana Riba i Giner&nbsp;y el espa\u00f1ol integrante del Grupo de Izquierda Europea, Miguel Urb\u00e1n Crespo, &nbsp;tambi\u00e9n se sumaron a la exigencia de justicia&nbsp;y al seguimiento del caso.&nbsp;<\/p>\n\n\n\n<p>Soledad Jarqu\u00edn se reuni\u00f3 tambi\u00e9n con representantes del Ejecutivo Europeo, responsables para las secciones de Derechos Humanos y para M\u00e9xico en el Servicio Europeo de Acci\u00f3n Exterior (SEAE) quienes mostraron fuerte preocupaci\u00f3n al ser informados de la impunidad generalizada, el incremento de feminicidios y la falta de debida investigaci\u00f3n que existe en la mayor\u00eda de muertes violentas de mujeres a pesar de la existencia del tipo penal de feminicidio.&nbsp;<\/p>\n\n\n\n<p>Desde el Servicio Europeo de Acci\u00f3n Exterior, se comprometieron a dar seguimiento a este caso, a trav\u00e9s de las diversas herramientas, espacios de di\u00e1logo y trabajo con los que cuentan, hasta lograr justicia para Sol.<\/p>\n\n\n\n<p>La madre de la v\u00edctima present\u00f3 la situaci\u00f3n de impunidad, violencia contra mujeres y violencia contra periodistas ante diversas fundaciones, organizaciones de la sociedad civil y representantes de los movimientos sociales en B\u00e9lgica.&nbsp;<\/p>\n\n\n\n<p>Se reuni\u00f3 entre otros con la&nbsp;Federaci\u00f3n Internacional de&nbsp;Periodistas, la Fundaci\u00f3n&nbsp;Boell, el activista y diputado local&nbsp;Petya&nbsp;Obolensky&nbsp;y dialog\u00f3 con diversos representantes de la sociedad civil en el \u201cConversatorio con defensoras de derechos humanos en Am\u00e9rica Latina\u201d.&nbsp;<\/p>\n\n\n\n<p>Acompa\u00f1aron tambi\u00e9n la gira en Bruselas las organizaciones internacionales Brigadas Internacionales de Paz M\u00e9xico, Organizaci\u00f3n Mundial Contra la Tortura, Taula per&nbsp;M\u00e9xic, y&nbsp;EuroLat-Network.<\/p>\n\n\n\n<p>La periodista feminista y defensora de derechos humanos seguir\u00e1 con la&nbsp;gira de incidencia y denuncia internacional hacia Francia, Suiza, Alemania y Espa\u00f1a.<\/p>\n","protected":false},"excerpt":{"rendered":"<p>Redacci\u00f3n\/Zona Roja. Oaxaca de Ju\u00e1rez, Oax., a 18 de junio 2022.- Durante los \u00faltimos cuatro&hellip;<\/p>\n","protected":false},"author":2,"featured_media":42525,"comment_status":"closed","ping_status":"open","sticky":false,"template":"","format":"standard","meta":{"_lmt_disableupdate":"","_lmt_disable":"","_jetpack_memberships_contains_paid_content":false,"footnotes":""},"categories":[109,46],"tags":[1059],"class_list":["post-42524","post","type-post","status-publish","format-standard","has-post-thumbnail","hentry","category-minuto-a-minuto","category-zona-blanca","tag-maria-del-sol-cruz-jarquin"],"jetpack_featured_media_url":"https:\/\/zonaroja.com.mx\/wp-content\/uploads\/2022\/06\/Soledad-Jarquin-gira-Europa.jpg","jetpack_sharing_enabled":true,"_links":{"self":[{"href":"https:\/\/zonaroja.com.mx\/index.php?rest_route=\/wp\/v2\/posts\/42524","targetHints":{"allow":["GET"]}}],"collection":[{"href":"https:\/\/zonaroja.com.mx\/index.php?rest_route=\/wp\/v2\/posts"}],"about":[{"href":"https:\/\/zonaroja.com.mx\/index.php?rest_route=\/wp\/v2\/types\/post"}],"author":[{"embeddable":true,"href":"https:\/\/zonaroja.com.mx\/index.php?rest_route=\/wp\/v2\/users\/2"}],"replies":[{"embeddable":true,"href":"https:\/\/zonaroja.com.mx\/index.php?rest_route=%2Fwp%2Fv2%2Fcomments&post=42524"}],"version-history":[{"count":2,"href":"https:\/\/zonaroja.com.mx\/index.php?rest_route=\/wp\/v2\/posts\/42524\/revisions"}],"predecessor-version":[{"id":42539,"href":"https:\/\/zonaroja.com.mx\/index.php?rest_route=\/wp\/v2\/posts\/42524\/revisions\/42539"}],"wp:featuredmedia":[{"embeddable":true,"href":"https:\/\/zonaroja.com.mx\/index.php?rest_route=\/wp\/v2\/media\/42525"}],"wp:attachment":[{"href":"https:\/\/zonaroja.com.mx\/index.php?rest_route=%2Fwp%2Fv2%2Fmedia&parent=42524"}],"wp:term":[{"taxonomy":"category","embeddable":true,"href":"https:\/\/zonaroja.com.mx\/index.php?rest_route=%2Fwp%2Fv2%2Fcategories&post=42524"},{"taxonomy":"post_tag","embeddable":true,"href":"https:\/\/zonaroja.com.mx\/index.php?rest_route=%2Fwp%2Fv2%2Ftags&post=42524"}],"curies":[{"name":"wp","href":"https:\/\/api.w.org\/{rel}","templated":true}]}}