{"id":42549,"date":"2022-06-19T10:01:00","date_gmt":"2022-06-19T15:01:00","guid":{"rendered":"http:\/\/www.zonaroja.com.mx\/?p=42549"},"modified":"2022-06-19T06:35:39","modified_gmt":"2022-06-19T11:35:39","slug":"la-viruela-del-mono-invade-el-mundo-van-mas-de-dos-mil-casos-en-42-paises","status":"publish","type":"post","link":"https:\/\/zonaroja.com.mx\/?p=42549","title":{"rendered":"La viruela del mono invade el mundo: van m\u00e1s de dos mil casos en 42 pa\u00edses"},"content":{"rendered":"\n<p>Redacci\u00f3n\/Zona Roja Cdmx.<\/p>\n\n\n\n<p>Ciudad de M\u00e9xico, 19 de junio de 2022.- La Organizaci\u00f3n Mundial de la Salud (OMS) suprimi\u00f3 en sus estad\u00edsticas sobre la viruela del mono la distinci\u00f3n entre pa\u00edses end\u00e9micos y no end\u00e9micos, a fin de facilitar la elaboraci\u00f3n de una \u00abrespuesta unificada\u00bb al virus.&nbsp;<\/p>\n\n\n\n<p>Hasta hace poco se consideraba que esa enfermedad infecciosa, de baja mortalidad, \u00abocurr\u00eda principalmente en \u00c1frica occidental y central\u00bb, se\u00f1al\u00f3 la OMS.&nbsp;<\/p>\n\n\n\n<p>Pero en los \u00faltimos meses se han notificado casos en 42 pa\u00edses de cinco regiones (Am\u00e9rica, \u00c1frica, Europa, Mediterr\u00e1neo Oriental y Pac\u00edfico Occidental), explic\u00f3 el organismo de salud de la ONU en su \u00faltimo bolet\u00edn sobre el tema, del 17 de junio y enviado a los medios de prensa este s\u00e1bado.&nbsp;<\/p>\n\n\n\n<p>\u201cEstamos eliminando la distinci\u00f3n entre pa\u00edses end\u00e9micos y no end\u00e9micos, informando sobre pa\u00edses juntos cuando sea posible, para reflejar la respuesta unificada que se necesita&nbsp;ante el virus\u00bb, concluy\u00f3.&nbsp;<\/p>\n\n\n\n<p>Entre el 1 de enero y el 15 de junio de 2022, se notific\u00f3 \u00abun total acumulado de 2 mil 103 casos confirmados\u00bb de la viruela del mono, as\u00ed como \u00abun caso probable y una muerte en Nigeria, en 42 pa\u00edses de cinco Regiones de la OMS\u00bb, indic\u00f3 el informe.&nbsp;<\/p>\n\n\n\n<p>La OMS evaluar\u00e1 el 23 de junio si el brote actual representa una \u00abemergencia de salud p\u00fablica de alcance internacional\u00bb.&nbsp;<\/p>\n\n\n\n<p>La mayor\u00eda de los casos confirmados se sit\u00faa en Europa (mil 773, o un 84%). Le siguen el continente americano (64 casos, 3%), el Mediterr\u00e1neo oriental (14 casos) y el Pac\u00edfico occidental (7 casos).&nbsp;<\/p>\n\n\n\n<p>Pero la OMS considera probable que el n\u00famero real de casos sea superior, porque el virus pudo estar \u00abcirculando sin ser reconocido durante alg\u00fan tiempo (&#8230;) que puede remontarse a 2017\u00bb, en regiones donde no se lo hab\u00eda se\u00f1alado antes.&nbsp;<\/p>\n\n\n\n<p>En el actual brote, la mayor\u00eda de los casos se reportan a \u00abhombres que tienen relaciones sexuales con hombres\u00bb. La gran mayor\u00eda de ellos no hab\u00eda estado en pa\u00edses africanos donde el virus tiene car\u00e1cter end\u00e9mico.&nbsp;<\/p>\n\n\n\n<p>La viruela del mono, o ortopoxvirus s\u00edmico, fue identificada en humanos en 1970 y es considerada menos peligrosa que la viruela, de la misma familia, erradicada en 1980.&nbsp;<\/p>\n\n\n\n<p>Se trata de una enfermedad rara, provocada por un virus transmitido por animales infectados.<\/p>\n\n\n\n<p>Pero en el brote actual, la transmisi\u00f3n entre humanos se ha vuelto preponderante.&nbsp;<\/p>\n\n\n\n<p>La enfermedad puede causar fiebre, dolor de cabeza, dolores musculares, dolor de espalda, ganglios linf\u00e1ticos inflamados, escalofr\u00edos y fatiga.&nbsp;&nbsp;<\/p>\n\n\n\n<p>Luego aparecen erupciones (en la cara, las palmas de las manos, las plantas de los pies), lesiones, p\u00fastulas y finalmente costras.&nbsp;<\/p>\n\n\n\n<p>Pero sus s\u00edntomas suelen desaparecer al cabo de dos o tres semanas.&nbsp;<\/p>\n\n\n\n<p>EN M\u00c9XICO<\/p>\n\n\n\n<p>Por su parte, la Secretar\u00eda de Salud de Jalisco inform\u00f3 que hay cinco casos positivos de viruela del mono en la entidad y que mantienen vigilancia en 44 personas que estuvieron en contacto con los pacientes contagiados.<\/p>\n\n\n\n<p>Detall\u00f3 que de los siete casos que se han detectado como sospechosos dos fueron descartados y que el primer caso de viruela s\u00edmica en el estado fue un paciente extranjero, de 48 a\u00f1os de edad que visit\u00f3 el estado con fines tur\u00edsticos en Puerto Vallarta a finales de mayo.<\/p>\n\n\n\n<p>El segundo caso es tambi\u00e9n un hombre extranjero de 40 a\u00f1os que estuvo en un evento con el primer paciente, se encuentra estable con mejor\u00eda y aislamiento domiciliario.<\/p>\n\n\n\n<p>El tercer caso es el de un mexicano de 46 a\u00f1os que tuvo contacto con visitantes de Las Vegas y visit\u00f3 tambi\u00e9n la playa Guayabitos.<\/p>\n\n\n\n<p>El cuarto caso es un hombre de 38 a\u00f1os de origen extranjero nacionalizado mexicano y que tambi\u00e9n visit\u00f3 Puerto Vallarta a finales de mayo, cuando pudo coincidir con el primer paciente.<\/p>\n\n\n\n<p>El quinto caso corresponde a un extranjero de 54 a\u00f1os que tambi\u00e9n visit\u00f3 Puerto Vallarta.<\/p>\n\n\n\n<p>Ante los casos confirmados, el estado reforz\u00f3 la vigilancia en puntos de entrada internacional, adem\u00e1s de que sigue dando seguimiento a los empleados y hu\u00e9spedes del hotel de Puerto Vallarta donde se aloj\u00f3 el primer paciente.<\/p>\n\n\n\n<p>(Informaci\u00f3n de \u201cExc\u00e9lsior\u201d)<\/p>\n","protected":false},"excerpt":{"rendered":"<p>Redacci\u00f3n\/Zona Roja Cdmx. Ciudad de M\u00e9xico, 19 de junio de 2022.- La Organizaci\u00f3n Mundial de&hellip;<\/p>\n","protected":false},"author":2,"featured_media":42550,"comment_status":"closed","ping_status":"open","sticky":false,"template":"","format":"standard","meta":{"_lmt_disableupdate":"","_lmt_disable":"","_jetpack_memberships_contains_paid_content":false,"footnotes":""},"categories":[109,47],"tags":[3161],"class_list":["post-42549","post","type-post","status-publish","format-standard","has-post-thumbnail","hentry","category-minuto-a-minuto","category-zona-gris","tag-viruela-del-mono"],"jetpack_featured_media_url":"https:\/\/zonaroja.com.mx\/wp-content\/uploads\/2022\/06\/Viruela-del-mono.webp","jetpack_sharing_enabled":true,"_links":{"self":[{"href":"https:\/\/zonaroja.com.mx\/index.php?rest_route=\/wp\/v2\/posts\/42549","targetHints":{"allow":["GET"]}}],"collection":[{"href":"https:\/\/zonaroja.com.mx\/index.php?rest_route=\/wp\/v2\/posts"}],"about":[{"href":"https:\/\/zonaroja.com.mx\/index.php?rest_route=\/wp\/v2\/types\/post"}],"author":[{"embeddable":true,"href":"https:\/\/zonaroja.com.mx\/index.php?rest_route=\/wp\/v2\/users\/2"}],"replies":[{"embeddable":true,"href":"https:\/\/zonaroja.com.mx\/index.php?rest_route=%2Fwp%2Fv2%2Fcomments&post=42549"}],"version-history":[{"count":1,"href":"https:\/\/zonaroja.com.mx\/index.php?rest_route=\/wp\/v2\/posts\/42549\/revisions"}],"predecessor-version":[{"id":42551,"href":"https:\/\/zonaroja.com.mx\/index.php?rest_route=\/wp\/v2\/posts\/42549\/revisions\/42551"}],"wp:featuredmedia":[{"embeddable":true,"href":"https:\/\/zonaroja.com.mx\/index.php?rest_route=\/wp\/v2\/media\/42550"}],"wp:attachment":[{"href":"https:\/\/zonaroja.com.mx\/index.php?rest_route=%2Fwp%2Fv2%2Fmedia&parent=42549"}],"wp:term":[{"taxonomy":"category","embeddable":true,"href":"https:\/\/zonaroja.com.mx\/index.php?rest_route=%2Fwp%2Fv2%2Fcategories&post=42549"},{"taxonomy":"post_tag","embeddable":true,"href":"https:\/\/zonaroja.com.mx\/index.php?rest_route=%2Fwp%2Fv2%2Ftags&post=42549"}],"curies":[{"name":"wp","href":"https:\/\/api.w.org\/{rel}","templated":true}]}}