{"id":4255,"date":"2019-09-24T21:16:41","date_gmt":"2019-09-25T02:16:41","guid":{"rendered":"http:\/\/www.zonaroja.com.mx\/?p=4255"},"modified":"2019-09-24T21:16:44","modified_gmt":"2019-09-25T02:16:44","slug":"presunto-sicario-lleva-dos-dias-retenido-en-xanica-y-ninguna-fiscalia-acude-denuncian","status":"publish","type":"post","link":"https:\/\/zonaroja.com.mx\/?p=4255","title":{"rendered":"Presunto sicario lleva dos d\u00edas retenido en Xanica y ninguna fiscal\u00eda acude, denuncian"},"content":{"rendered":"\n<p>Redacci\u00f3n\/Zona\nRoja.<\/p>\n\n\n\n<p>Oaxaca de\nJu\u00e1rez, Oax., 24 de septiembre de 2019.- Familiares de Edgar Santiago, acusado\nde intentar asesinar al ex presidente municipal de Santiago Xanica, C\u00e9sar\nReynaldo Luis D\u00edaz, denunciaron que lleva m\u00e1s de 48 horas retenido y ning\u00fan personal\nde la Fiscal\u00eda General del Estado o de la Fiscal\u00eda General de la Rep\u00fablica ha\nacudido a conocer la situaci\u00f3n.<\/p>\n\n\n\n<p>El individuo fue detenido, golpeado y amarrado por los pobladores de ese municipio de la regi\u00f3n Sierra Sur de Oaxaca cuando supuestamente acud\u00eda a matar al ex edil a su domicilio particular.<\/p>\n\n\n\n<figure class=\"wp-block-image\"><img decoding=\"async\" width=\"960\" height=\"720\" src=\"http:\/\/www.zonaroja.com.mx\/wp-content\/uploads\/2019\/09\/IMG_1139.jpg\" alt=\"\" class=\"wp-image-4256\" srcset=\"https:\/\/zonaroja.com.mx\/wp-content\/uploads\/2019\/09\/IMG_1139.jpg 960w, https:\/\/zonaroja.com.mx\/wp-content\/uploads\/2019\/09\/IMG_1139-300x225.jpg 300w, https:\/\/zonaroja.com.mx\/wp-content\/uploads\/2019\/09\/IMG_1139-768x576.jpg 768w, https:\/\/zonaroja.com.mx\/wp-content\/uploads\/2019\/09\/IMG_1139-585x439.jpg 585w\" sizes=\"(max-width: 960px) 100vw, 960px\" \/><\/figure>\n\n\n\n<p>Edgar\nSantiago presuntamente es originario de Santa Cruz Xoxocotl\u00e1n, y seg\u00fan los\nhabitantes de Xanica, habr\u00eda declarado fue contratado por el edil Ricardo Lur\u00eda\ny el exdiputado federal, \u00d3scar Valencia, para ultimar a Luis D\u00edaz, a unas\nsemanas de que se lleven a cabo los comicios para reemplazar a las autoridades\nmunicipales.<\/p>\n","protected":false},"excerpt":{"rendered":"<p>Redacci\u00f3n\/Zona Roja. Oaxaca de Ju\u00e1rez, Oax., 24 de septiembre de 2019.- Familiares de Edgar Santiago,&hellip;<\/p>\n","protected":false},"author":2,"featured_media":4257,"comment_status":"closed","ping_status":"open","sticky":false,"template":"","format":"standard","meta":{"_lmt_disableupdate":"","_lmt_disable":"","_jetpack_memberships_contains_paid_content":false,"footnotes":""},"categories":[109,51],"tags":[628],"class_list":["post-4255","post","type-post","status-publish","format-standard","has-post-thumbnail","hentry","category-minuto-a-minuto","category-zona-roja","tag-santiago-xanica"],"jetpack_featured_media_url":"https:\/\/zonaroja.com.mx\/wp-content\/uploads\/2019\/09\/IMG_1138.jpg","jetpack_sharing_enabled":true,"_links":{"self":[{"href":"https:\/\/zonaroja.com.mx\/index.php?rest_route=\/wp\/v2\/posts\/4255","targetHints":{"allow":["GET"]}}],"collection":[{"href":"https:\/\/zonaroja.com.mx\/index.php?rest_route=\/wp\/v2\/posts"}],"about":[{"href":"https:\/\/zonaroja.com.mx\/index.php?rest_route=\/wp\/v2\/types\/post"}],"author":[{"embeddable":true,"href":"https:\/\/zonaroja.com.mx\/index.php?rest_route=\/wp\/v2\/users\/2"}],"replies":[{"embeddable":true,"href":"https:\/\/zonaroja.com.mx\/index.php?rest_route=%2Fwp%2Fv2%2Fcomments&post=4255"}],"version-history":[{"count":1,"href":"https:\/\/zonaroja.com.mx\/index.php?rest_route=\/wp\/v2\/posts\/4255\/revisions"}],"predecessor-version":[{"id":4258,"href":"https:\/\/zonaroja.com.mx\/index.php?rest_route=\/wp\/v2\/posts\/4255\/revisions\/4258"}],"wp:featuredmedia":[{"embeddable":true,"href":"https:\/\/zonaroja.com.mx\/index.php?rest_route=\/wp\/v2\/media\/4257"}],"wp:attachment":[{"href":"https:\/\/zonaroja.com.mx\/index.php?rest_route=%2Fwp%2Fv2%2Fmedia&parent=4255"}],"wp:term":[{"taxonomy":"category","embeddable":true,"href":"https:\/\/zonaroja.com.mx\/index.php?rest_route=%2Fwp%2Fv2%2Fcategories&post=4255"},{"taxonomy":"post_tag","embeddable":true,"href":"https:\/\/zonaroja.com.mx\/index.php?rest_route=%2Fwp%2Fv2%2Ftags&post=4255"}],"curies":[{"name":"wp","href":"https:\/\/api.w.org\/{rel}","templated":true}]}}