{"id":42554,"date":"2022-06-19T09:00:00","date_gmt":"2022-06-19T14:00:00","guid":{"rendered":"http:\/\/www.zonaroja.com.mx\/?p=42554"},"modified":"2022-06-19T07:15:52","modified_gmt":"2022-06-19T12:15:52","slug":"dia-del-padre-en-11-4-millones-de-hogares-falta-el-papa","status":"publish","type":"post","link":"https:\/\/zonaroja.com.mx\/?p=42554","title":{"rendered":"D\u00eda del Padre: en 11.4 millones de hogares falta el pap\u00e1"},"content":{"rendered":"\n<p>Redacci\u00f3n\/Zona Roja Cdmx.<\/p>\n\n\n\n<p>Ciudad de M\u00e9xico, 19 de junio de 2022.- De acuerdo con un documento publicado por el Instituto Nacional de Estad\u00edstica y Geograf\u00eda (INEGI) en 2021, con base en la Encuesta Demogr\u00e1fica Retrospectiva (EDER), en el pa\u00eds se estim\u00f3 que 17.8 millones de hombres de entre 20 y 54 a\u00f1os en 2017 hab\u00edan tenido al menos una hija o hijo.<\/p>\n\n\n\n<p>En tanto, el Censo de Poblaci\u00f3n y Vivienda 2020 detall\u00f3 que 21.2 millones de hombres mayores de 15 a\u00f1os se identificaron como padres de al menos un infante que reside en la misma vivienda, lo que representa un 46.9% de la poblaci\u00f3n masculina de ese grupo de edad.<\/p>\n\n\n\n<p>Sobre su situaci\u00f3n conyugal en 2020, el Censo inform\u00f3 que 93.5% de los padres de familia se encuentran casados o en uni\u00f3n libre, y 5.9% declararon haber estado alguna vez unidos, pero se separaron, divorciaron o enviudaron.<\/p>\n\n\n\n<p>Tan s\u00f3lo el 0.5% de los hombres declararon ser padres solteros, frente al 7.0% de mujeres que se identificaron como madres solteras en esa misma encuesta.<\/p>\n\n\n\n<p>Sin embargo, fue el Censo de Poblaci\u00f3n y Vivienda 2010 del INEGI el que mostr\u00f3 cifras m\u00e1s crudas sobre la paternidad en el pa\u00eds, pues seg\u00fan inform\u00f3, en cuatro de cada 10 hogares no habitaba el padre de familia y, en total, en 11.4 millones de hogares faltaba el padre.<\/p>\n\n\n\n<p>\u201cIncluso donde hay ni\u00f1os de cero a 14 a\u00f1os, vive s\u00f3lo con ellos, en uno de cada 100 casos\u201d, se\u00f1al\u00f3 en 2021 el acad\u00e9mico del Colegio de M\u00e9xico y la Universidad Nacional Aut\u00f3noma de M\u00e9xico (UNAM), Juan Guillermo Figueroa Perea.<\/p>\n\n\n\n<p>Asimismo, la Encuesta Nacional de la Din\u00e1mica Demogr\u00e1fica (ENADID) 2018 detall\u00f3 que el 12.2% viv\u00eda s\u00f3lo con la madre, mientras que 1.3% de la poblaci\u00f3n menor de 15 a\u00f1os habitaba con el padre.<\/p>\n\n\n\n<p>Para 2019 s\u00f3lo 369 mil 210 menores de 15 a\u00f1os, de los m\u00e1s de 33 millones en ese rango de edad, viv\u00edan con sus padres varones debido a un divorcio, separaci\u00f3n, viudez o abandono. En su momento el INEGI estim\u00f3, adem\u00e1s, que 796 mil hombres eran cabeza de familia, sin la figura materna.<\/p>\n\n\n\n<p>RESPONSABILIDAD<\/p>\n\n\n\n<p>A pesar de las cifras, hoy en d\u00eda la paternidad se ejerce en el cuidado y las tareas dom\u00e9sticas del hogar, y m\u00e1s a\u00fan, en la corresponsabilidad familiar y social.<\/p>\n\n\n\n<p>Uno de estos cambios es la mayor participaci\u00f3n y responsabilidad de los hombres respecto a su fecundidad y el n\u00famero de hijos que quieren tener. Seg\u00fan la Encuesta de Comunicaci\u00f3n en Planificaci\u00f3n Familiar (CONAPO) 2018, la mayor\u00eda de los j\u00f3venes, de 18 a 24 a\u00f1os de edad, conoce y valora la planificaci\u00f3n familiar.<\/p>\n\n\n\n<p>Asimismo, el cambio en los papeles y funciones que cubren los hombres en el hogar tambi\u00e9n es notable, ya que m\u00e1s hombres consideran que la crianza de los hijos debe ser compartida por el padre y la madre.<\/p>\n\n\n\n<p>Por ello, para que los padres intervengan en los primeros meses de vida de sus hijos con el fin de establecer v\u00ednculos y ayudar a reducir la depresi\u00f3n materna, en M\u00e9xico los varones que trabajan en el sector formal tienen derecho a un permiso de paternidad.<\/p>\n\n\n\n<p>CONMEMORACI\u00d3N<\/p>\n\n\n\n<p>La idea de celebrar el D\u00eda del Padre surgi\u00f3 en 1910, cuando Smart Dood, una mujer estadounidense, destac\u00f3 el papel que juegan los hombres en la sociedad, especialmente aquellos que, como progenitor, cumpl\u00edan el rol del padre y madre en la educaci\u00f3n de sus hijos.<\/p>\n\n\n\n<p>Fue hasta 1950 cu\u00e1ndo la celebraci\u00f3n comenz\u00f3 a generalizarse en los centros escolares de M\u00e9xico, aunque en los a\u00f1os posteriores, en 1972, se convirti\u00f3 en una fiesta de consumo patrocinada por las grandes cadenas comerciales, as\u00ed como se estableci\u00f3 que cada tercer domingo del mes de junio se celebrar\u00eda en el pa\u00eds.<\/p>\n\n\n\n<p>(Informaci\u00f3n de Infobae M\u00e9xico)<\/p>\n","protected":false},"excerpt":{"rendered":"<p>Redacci\u00f3n\/Zona Roja Cdmx. Ciudad de M\u00e9xico, 19 de junio de 2022.- De acuerdo con un&hellip;<\/p>\n","protected":false},"author":2,"featured_media":42555,"comment_status":"closed","ping_status":"open","sticky":false,"template":"","format":"standard","meta":{"_lmt_disableupdate":"","_lmt_disable":"","_jetpack_memberships_contains_paid_content":false,"footnotes":""},"categories":[109,46],"tags":[],"class_list":["post-42554","post","type-post","status-publish","format-standard","has-post-thumbnail","hentry","category-minuto-a-minuto","category-zona-blanca"],"jetpack_featured_media_url":"https:\/\/zonaroja.com.mx\/wp-content\/uploads\/2022\/06\/Dia-del-Padre.jpeg","jetpack_sharing_enabled":true,"_links":{"self":[{"href":"https:\/\/zonaroja.com.mx\/index.php?rest_route=\/wp\/v2\/posts\/42554","targetHints":{"allow":["GET"]}}],"collection":[{"href":"https:\/\/zonaroja.com.mx\/index.php?rest_route=\/wp\/v2\/posts"}],"about":[{"href":"https:\/\/zonaroja.com.mx\/index.php?rest_route=\/wp\/v2\/types\/post"}],"author":[{"embeddable":true,"href":"https:\/\/zonaroja.com.mx\/index.php?rest_route=\/wp\/v2\/users\/2"}],"replies":[{"embeddable":true,"href":"https:\/\/zonaroja.com.mx\/index.php?rest_route=%2Fwp%2Fv2%2Fcomments&post=42554"}],"version-history":[{"count":1,"href":"https:\/\/zonaroja.com.mx\/index.php?rest_route=\/wp\/v2\/posts\/42554\/revisions"}],"predecessor-version":[{"id":42556,"href":"https:\/\/zonaroja.com.mx\/index.php?rest_route=\/wp\/v2\/posts\/42554\/revisions\/42556"}],"wp:featuredmedia":[{"embeddable":true,"href":"https:\/\/zonaroja.com.mx\/index.php?rest_route=\/wp\/v2\/media\/42555"}],"wp:attachment":[{"href":"https:\/\/zonaroja.com.mx\/index.php?rest_route=%2Fwp%2Fv2%2Fmedia&parent=42554"}],"wp:term":[{"taxonomy":"category","embeddable":true,"href":"https:\/\/zonaroja.com.mx\/index.php?rest_route=%2Fwp%2Fv2%2Fcategories&post=42554"},{"taxonomy":"post_tag","embeddable":true,"href":"https:\/\/zonaroja.com.mx\/index.php?rest_route=%2Fwp%2Fv2%2Ftags&post=42554"}],"curies":[{"name":"wp","href":"https:\/\/api.w.org\/{rel}","templated":true}]}}