{"id":42559,"date":"2022-06-19T08:14:33","date_gmt":"2022-06-19T13:14:33","guid":{"rendered":"http:\/\/www.zonaroja.com.mx\/?p=42559"},"modified":"2022-06-19T08:14:35","modified_gmt":"2022-06-19T13:14:35","slug":"ante-cerrazon-de-titular-de-los-sso-inicia-hoy-paro-en-hospital-civil","status":"publish","type":"post","link":"https:\/\/zonaroja.com.mx\/?p=42559","title":{"rendered":"Ante cerraz\u00f3n de titular de los SSO, inicia hoy paro en Hospital Civil"},"content":{"rendered":"\n<p>Ismael Garc\u00eda M.\/Zona Roja.<\/p>\n\n\n\n<p>Oaxaca de Ju\u00e1rez, Oax., 19 de junio de 2022.- Despu\u00e9s de cuatro d\u00edas de protestas, con bloqueo a vialidades, sindicalizados del Hospital Civil \u201cDr. Aurelio Valdivieso\u201d fueron atendidos ayer por la titular de los Servicios de Salud de Oaxaca (SSO), Virginia S\u00e1nchez R\u00edos.<\/p>\n\n\n\n<p>Sin embargo, al no haber ninguna respuesta positiva a sus demandas, entre ellas medicamentos y equipos de trabajo, afiliados a la Subvenci\u00f3n 07 de la Secci\u00f3n 35 del del Sindicato Nacional de Trabajadores de la Secretar\u00eda de Salud, determinaron iniciar un paro de labores.<\/p>\n\n\n\n<p>A trav\u00e9s de un oficio, la dirigencia de ese nosocomio convoc\u00f3 a una concentraci\u00f3n general a partir de las 08:00 horas de este domingo, a un costado del m\u00f3dulo de la oficina de transportes.<\/p>\n\n\n\n<p>\u201cEs importante mencionarles que estar\u00e1n pendientes al llamado que se pudiese hacer con motivo de la jornada de lucha\u201d, refiere el documento firmado ayer por Adriana Ramos Lustre, suplente en la Secretar\u00eda General de la Subvenci\u00f3n 07, y Aristeo Torres L\u00f3pez, secretario de Organizaci\u00f3n.<\/p>\n\n\n\n<p>Desde la semana pasada, los trabajadores iniciaron protestas con bloqueos en vialidades aleda\u00f1as al Hospital Civil; tambi\u00e9n lo hicieron un d\u00eda frente a las oficinas de los SSO, ubicadas en el centro de la capital oaxaque\u00f1a.&nbsp;<\/p>\n\n\n\n<p>Otra de las demandas principales del gremio es la destituci\u00f3n de la directora, Eugenia Ruiz D\u00e1vila, la primera funcionaria en ese cargo electa por convocatoria abierta de selecci\u00f3n; asumi\u00f3 el cargo el 16 de noviembre del a\u00f1o pasado.<\/p>\n","protected":false},"excerpt":{"rendered":"<p>Ismael Garc\u00eda M.\/Zona Roja. Oaxaca de Ju\u00e1rez, Oax., 19 de junio de 2022.- Despu\u00e9s de&hellip;<\/p>\n","protected":false},"author":2,"featured_media":42560,"comment_status":"closed","ping_status":"open","sticky":false,"template":"","format":"standard","meta":{"_lmt_disableupdate":"","_lmt_disable":"","_jetpack_memberships_contains_paid_content":false,"footnotes":""},"categories":[109,47],"tags":[781],"class_list":["post-42559","post","type-post","status-publish","format-standard","has-post-thumbnail","hentry","category-minuto-a-minuto","category-zona-gris","tag-hospital-civil-dr-aurelio-valdivieso-de-oaxaca"],"jetpack_featured_media_url":"https:\/\/zonaroja.com.mx\/wp-content\/uploads\/2022\/06\/Paro-bloqieo-hospital-civil.jpg","jetpack_sharing_enabled":true,"_links":{"self":[{"href":"https:\/\/zonaroja.com.mx\/index.php?rest_route=\/wp\/v2\/posts\/42559","targetHints":{"allow":["GET"]}}],"collection":[{"href":"https:\/\/zonaroja.com.mx\/index.php?rest_route=\/wp\/v2\/posts"}],"about":[{"href":"https:\/\/zonaroja.com.mx\/index.php?rest_route=\/wp\/v2\/types\/post"}],"author":[{"embeddable":true,"href":"https:\/\/zonaroja.com.mx\/index.php?rest_route=\/wp\/v2\/users\/2"}],"replies":[{"embeddable":true,"href":"https:\/\/zonaroja.com.mx\/index.php?rest_route=%2Fwp%2Fv2%2Fcomments&post=42559"}],"version-history":[{"count":1,"href":"https:\/\/zonaroja.com.mx\/index.php?rest_route=\/wp\/v2\/posts\/42559\/revisions"}],"predecessor-version":[{"id":42561,"href":"https:\/\/zonaroja.com.mx\/index.php?rest_route=\/wp\/v2\/posts\/42559\/revisions\/42561"}],"wp:featuredmedia":[{"embeddable":true,"href":"https:\/\/zonaroja.com.mx\/index.php?rest_route=\/wp\/v2\/media\/42560"}],"wp:attachment":[{"href":"https:\/\/zonaroja.com.mx\/index.php?rest_route=%2Fwp%2Fv2%2Fmedia&parent=42559"}],"wp:term":[{"taxonomy":"category","embeddable":true,"href":"https:\/\/zonaroja.com.mx\/index.php?rest_route=%2Fwp%2Fv2%2Fcategories&post=42559"},{"taxonomy":"post_tag","embeddable":true,"href":"https:\/\/zonaroja.com.mx\/index.php?rest_route=%2Fwp%2Fv2%2Ftags&post=42559"}],"curies":[{"name":"wp","href":"https:\/\/api.w.org\/{rel}","templated":true}]}}