{"id":42571,"date":"2022-06-19T19:23:32","date_gmt":"2022-06-20T00:23:32","guid":{"rendered":"http:\/\/www.zonaroja.com.mx\/?p=42571"},"modified":"2022-06-19T19:23:54","modified_gmt":"2022-06-20T00:23:54","slug":"acuerdan-ayuntamiento-de-santa-lucia-del-camino-y-salomon-jara-acciones-conjuntas","status":"publish","type":"post","link":"https:\/\/zonaroja.com.mx\/?p=42571","title":{"rendered":"Acuerdan ayuntamiento de Santa Luc\u00eda del Camino y Salom\u00f3n Jara acciones conjuntas"},"content":{"rendered":"\n<p>Redacci\u00f3n\/Zona Roja.<\/p>\n\n\n\n<p>Santa Luc\u00eda del Camino, Oax., 19 de junio de 2022.- En el denominado encuentro \u201cFirma del acta compromiso para el bienestar de Oaxaca\u201d, autoridades de Santa Luc\u00eda del Camino y el gobernador electo Salom\u00f3n Jara Cruz, acordaron impulsar el desarrollo de este municipio.<\/p>\n\n\n\n<p>En la explanada municipal, esta tarde, el edil Juan Carlos Garc\u00eda M\u00e1rquez, acompa\u00f1ado de integrantes del Cabildo, as\u00ed como autoridades auxiliares, recibieron al pr\u00f3ximo mandatario.<\/p>\n\n\n\n<p>El presidente municipal agradeci\u00f3 la presencia del mandatario y expuso una serie de necesidades, a trav\u00e9s de una carpeta que entreg\u00f3, para las cuales se requiere el apoyo gubernamental a fin de ser abatidas.<\/p>\n\n\n\n<p>Entre ellas el saneamiento integral del r\u00edo \u201cSalado\u201d y el rescate y conclusi\u00f3n de un centro de salud con servicios ampliados, as\u00ed como infraestructura de agua potable, sobre todo para la zona norte del municipio, colindante con la capital.<\/p>\n\n\n\n<p>Garc\u00eda M\u00e1rquez refrend\u00f3 su apoyo a Jara Cruz y su administraci\u00f3n estatal, consiente que creando equipo con el Gobernador Electo, Santa Luc\u00eda del Camino tendr\u00e1 mejores oportunidades de desarrollo.<\/p>\n\n\n\n<p>Por su parte, durante este encuentro, Salom\u00f3n Jara agradeci\u00f3 el voto de la ciudadan\u00eda del municipio, que lo llev\u00f3 al triunfo en la pasada contienda electoral, y por eso, \u201camor con amor se paga\u201d.<\/p>\n\n\n\n<p>Resalt\u00f3 que en Santa Luc\u00eda, la coalici\u00f3n que respald\u00f3 su candidatura logr\u00f3 m\u00e1s del doble de votos que el PRI, partido del que critic\u00f3 la compra de voto, y en que habr\u00eda invertido m\u00e1s de 300 millones de pesos.<\/p>\n\n\n\n<p>\u201cPor eso, vengo aqu\u00ed a dar las gracias a todos, por su cari\u00f1o, por su coraz\u00f3n, por su voto, y quiero decirles que amor con amor se paga. Y como lo promet\u00ed en la campa\u00f1a, vamos a visitar los 570 municipios despu\u00e9s de nuestro triunfo\u201d, manifest\u00f3.<\/p>\n\n\n\n<p>Tambi\u00e9n, el pr\u00f3ximo gobernador firm\u00f3 el acta compromiso para el bienestar de Oaxaca, que consiste en una serie de acciones a favor de las y los vecinos de Santa Luc\u00eda del Camino.<\/p>\n\n\n\n<figure class=\"wp-block-embed is-type-rich is-provider-twitter wp-block-embed-twitter\"><div class=\"wp-block-embed__wrapper\">\n<div class=\"twitter-tweet\"><blockquote class=\"twitter-tweet\" data-lang=\"es\"><p lang=\"es\" dir=\"ltr\">Por su parte, el gobernador electo <a href=\"https:\/\/twitter.com\/salomonj?ref_src=twsrc%5Etfw\">@salomonj<\/a> agradeci\u00f3 el voto de los habitantes de Santa Luc\u00eda del Camino a su candidatura que, dijo, fue m\u00e1s del doble que el PRI. <br>Por eso, agreg\u00f3, \u201camor con amor se paga\u201d y apoyar\u00e1 al municipio y a su edil <a href=\"https:\/\/twitter.com\/JC_GMarquez?ref_src=twsrc%5Etfw\">@JC_GMarquez<\/a> con diversas acciones. <a href=\"https:\/\/t.co\/gPU3zIwpjm\">pic.twitter.com\/gPU3zIwpjm<\/a><\/p>&mdash; Zona Roja Oaxaca (@ZonaRoja_Oaxaca) <a href=\"https:\/\/twitter.com\/ZonaRoja_Oaxaca\/status\/1538638193624596481?ref_src=twsrc%5Etfw\">19 de junio de 2022<\/a><\/blockquote><\/div>\n<\/div><\/figure>\n","protected":false},"excerpt":{"rendered":"<p>Redacci\u00f3n\/Zona Roja. Santa Luc\u00eda del Camino, Oax., 19 de junio de 2022.- En el denominado&hellip;<\/p>\n","protected":false},"author":2,"featured_media":42572,"comment_status":"closed","ping_status":"open","sticky":false,"template":"","format":"standard","meta":{"_lmt_disableupdate":"","_lmt_disable":"","_jetpack_memberships_contains_paid_content":false,"footnotes":""},"categories":[109,46],"tags":[939,337],"class_list":["post-42571","post","type-post","status-publish","format-standard","has-post-thumbnail","hentry","category-minuto-a-minuto","category-zona-blanca","tag-salomon-jara-cruz","tag-santa-lucia-del-camino"],"jetpack_featured_media_url":"https:\/\/zonaroja.com.mx\/wp-content\/uploads\/2022\/06\/Salomon-jara-y-Santa-Lucia-del-Camino.jpg","jetpack_sharing_enabled":true,"_links":{"self":[{"href":"https:\/\/zonaroja.com.mx\/index.php?rest_route=\/wp\/v2\/posts\/42571","targetHints":{"allow":["GET"]}}],"collection":[{"href":"https:\/\/zonaroja.com.mx\/index.php?rest_route=\/wp\/v2\/posts"}],"about":[{"href":"https:\/\/zonaroja.com.mx\/index.php?rest_route=\/wp\/v2\/types\/post"}],"author":[{"embeddable":true,"href":"https:\/\/zonaroja.com.mx\/index.php?rest_route=\/wp\/v2\/users\/2"}],"replies":[{"embeddable":true,"href":"https:\/\/zonaroja.com.mx\/index.php?rest_route=%2Fwp%2Fv2%2Fcomments&post=42571"}],"version-history":[{"count":1,"href":"https:\/\/zonaroja.com.mx\/index.php?rest_route=\/wp\/v2\/posts\/42571\/revisions"}],"predecessor-version":[{"id":42573,"href":"https:\/\/zonaroja.com.mx\/index.php?rest_route=\/wp\/v2\/posts\/42571\/revisions\/42573"}],"wp:featuredmedia":[{"embeddable":true,"href":"https:\/\/zonaroja.com.mx\/index.php?rest_route=\/wp\/v2\/media\/42572"}],"wp:attachment":[{"href":"https:\/\/zonaroja.com.mx\/index.php?rest_route=%2Fwp%2Fv2%2Fmedia&parent=42571"}],"wp:term":[{"taxonomy":"category","embeddable":true,"href":"https:\/\/zonaroja.com.mx\/index.php?rest_route=%2Fwp%2Fv2%2Fcategories&post=42571"},{"taxonomy":"post_tag","embeddable":true,"href":"https:\/\/zonaroja.com.mx\/index.php?rest_route=%2Fwp%2Fv2%2Ftags&post=42571"}],"curies":[{"name":"wp","href":"https:\/\/api.w.org\/{rel}","templated":true}]}}